{"id":9228,"date":"2024-11-21T13:49:20","date_gmt":"2024-11-21T16:49:20","guid":{"rendered":"https:\/\/www.paulus.com.br\/assistencia-social\/?post_type=noticias&#038;p=9228"},"modified":"2024-11-21T15:21:18","modified_gmt":"2024-11-21T18:21:18","slug":"luta-antirracista-em-foco-na-rede-socioassistencial-da-cidade-de-sao-paulo","status":"publish","type":"noticias","link":"https:\/\/www.paulus.com.br\/assistencia-social\/noticias\/luta-antirracista-em-foco-na-rede-socioassistencial-da-cidade-de-sao-paulo\/","title":{"rendered":"Luta Antirracista em foco na rede socioassistencial da cidade de S\u00e3o Paulo"},"content":{"rendered":"\n<p>Nos meses de outubro e novembro de 2024, a PAULUS Social em parceria com a Secretaria<br>Municipal de Assist\u00eancia e Desenvolvimento Social (SMADS), realizou a forma\u00e7\u00e3o \u201cLuta<br>Antirracista na Rede Socioassistencial\u201d, respectivamente, no Espa\u00e7o P\u00fablico do Aprender<br>Social (ESPASO) e na Faculdade PAULUS de Comunica\u00e7\u00e3o (FAPCOM).<\/p>\n\n\n\n<p>A partir da demanda identificada pela SMADS, definiu-se a realiza\u00e7\u00e3o da tem\u00e1tica em tela para<br>os trabalhadores que atuam no Sistema \u00danico da Assist\u00eancia Social na cidade de S\u00e3o Paulo. A<br>carga hor\u00e1ria de 16 horas, foi distribu\u00edda em dois dias consecutivos, contando com a<br>participa\u00e7\u00e3o de 46 profissionais, somadas as duas edi\u00e7\u00f5es.<\/p>\n\n\n\n<p>O processo formativo foi conduzido pela assistente social Suelma In\u00eas de Deus Branco, mestre<br>em gerontologia social e ativista no Grupo de Estudo das Rela\u00e7\u00f5es Etnicorraciais no Servi\u00e7o<br>Social (GERESS) e na Soweto Organiza\u00e7\u00e3o Negra, e ainda parte da diretoria do Instituto GERA \u2013<br>aproximando gera\u00e7\u00f5es.<\/p>\n\n\n\n<p>Objetivando possibilitar o entendimento das rela\u00e7\u00f5es raciais no Brasil, a complexidade que<br>permeia a singularidade das rela\u00e7\u00f5es interpessoais e atinge a pluralidade nas rela\u00e7\u00f5es de<br>trabalho e na vida cotidiana, a facilitadora debru\u00e7ou-se sobre acontecimentos hist\u00f3ricos pouco<br>estudados na hist\u00f3ria oficial, refletindo sobre desumaniza\u00e7\u00e3o dos povos escravizados e a teoria<br>do embranquecimento baseado na pseudoci\u00eancia denominada eugenia, e ainda, arrazoando<br>sobre as nuances das opress\u00f5es respaldadas em legisla\u00e7\u00f5es, a branquitude e as implica\u00e7\u00f5es<br>negativas na vida das pessoas negras.<\/p>\n\n\n\n<p>A tem\u00e1tica tamb\u00e9m instigou os participantes se questionarem sobre o mito da democracia<br>racial, o caminho percorrido historicamente na perspectiva da transforma\u00e7\u00e3o do quadro de<br>sub cidadania, assim como a reivindica\u00e7\u00e3o por pol\u00edticas de igualdade racial.<\/p>\n\n\n\n<p>Ponderando que a luta antirracista neste pa\u00eds teve in\u00edcio quando o primeiro navio negreiro<br>atracou em terras brasileiras, torna-se imperativo a disponibiliza\u00e7\u00e3o de espa\u00e7os de di\u00e1logo,<br>reflex\u00e3o e educa\u00e7\u00e3o que promovam a conscientiza\u00e7\u00e3o sobre a heran\u00e7a hist\u00f3rica do racismo e<br>suas consequ\u00eancias at\u00e9 os dias de hoje.<\/p>\n\n\n\n<p>Al\u00e9m disso, a cria\u00e7\u00e3o de pol\u00edticas p\u00fablicas que incentivem a diversidade cultural, a valoriza\u00e7\u00e3o<br>da hist\u00f3ria afro-brasileira e a promo\u00e7\u00e3o de pr\u00e1ticas antidiscriminat\u00f3rias \u00e9 essencial. A<br>obrigatoriedade do ensino de &#8220;hist\u00f3ria e cultura afro-brasileira&#8221; (Lei n\u00ba 10.639\/2003) que deve<br>ser implementada nas escolas e institui\u00e7\u00f5es, \u00e9 uma ferramenta poderosa para desconstruir<br>estere\u00f3tipos e preconceitos enraizados na sociedade.<\/p>\n\n\n\n<p>Por fim, \u00e9 crucial que a sociedade civil, o poder p\u00fablico e as institui\u00e7\u00f5es privadas se unam em<br>um esfor\u00e7o coletivo para erradicar o racismo institucional, promover a equidade racial e<br>garantir que todos, independentemente de sua cor ou origem, tenham acesso a direitos e<br>oportunidades iguais. Somente assim, poderemos avan\u00e7ar em dire\u00e7\u00e3o a uma sociedade<br>verdadeiramente justa e igualit\u00e1ria.<\/p>\n\n\n\n<p>A PAULUS Social ratifica seu compromisso com a Luta Antirracista, promovendo e ampliando<br>espa\u00e7os de propaga\u00e7\u00e3o e produ\u00e7\u00e3o de conhecimento.<\/p>\n\n\n\n<p>Como representante do Assessoramento da PAULUS Social, esteve presente a analista de<br>projetos sociais \u00c9rica Souto, prestando suporte t\u00e9cnico \u00e0 formadora, garantindo um ambiente prop\u00edcio a integra\u00e7\u00e3o e aquisi\u00e7\u00e3o de conhecimento, em conson\u00e2ncia com as diretrizes da PAULUS.<\/p>\n\n\n\n<p>O Programa InovaSUAS \u00e9 estruturado na capacita\u00e7\u00e3o e forma\u00e7\u00e3o de lideran\u00e7as e usu\u00e1rios dos<br>servi\u00e7os, programas e projetos da rede socioassistencial e profissionais ligados \u00e0 rede de<br>servi\u00e7os que visam desenvolver seu conhecimento nas mais diversas tem\u00e1ticas do SUAS, com<br>forma\u00e7\u00f5es gratuitas presentes em todo o territ\u00f3rio nacional.<\/p>\n","protected":false},"featured_media":9229,"template":"","tags":[],"class_list":["post-9228","noticias","type-noticias","status-publish","has-post-thumbnail","hentry"],"acf":[],"_links":{"self":[{"href":"https:\/\/www.paulus.com.br\/assistencia-social\/wp-json\/wp\/v2\/noticias\/9228","targetHints":{"allow":["GET"]}}],"collection":[{"href":"https:\/\/www.paulus.com.br\/assistencia-social\/wp-json\/wp\/v2\/noticias"}],"about":[{"href":"https:\/\/www.paulus.com.br\/assistencia-social\/wp-json\/wp\/v2\/types\/noticias"}],"wp:featuredmedia":[{"embeddable":true,"href":"https:\/\/www.paulus.com.br\/assistencia-social\/wp-json\/wp\/v2\/media\/9229"}],"wp:attachment":[{"href":"https:\/\/www.paulus.com.br\/assistencia-social\/wp-json\/wp\/v2\/media?parent=9228"}],"wp:term":[{"taxonomy":"post_tag","embeddable":true,"href":"https:\/\/www.paulus.com.br\/assistencia-social\/wp-json\/wp\/v2\/tags?post=9228"}],"curies":[{"name":"wp","href":"https:\/\/api.w.org\/{rel}","templated":true}]}}