{"id":9214,"date":"2024-11-19T14:50:10","date_gmt":"2024-11-19T17:50:10","guid":{"rendered":"https:\/\/www.paulus.com.br\/assistencia-social\/?post_type=noticias&#038;p=9214"},"modified":"2024-11-19T14:50:11","modified_gmt":"2024-11-19T17:50:11","slug":"paulus-social-apoia-o-ii-encontro-nacional-de-usuarios-do-suas-em-brasilia","status":"publish","type":"noticias","link":"https:\/\/www.paulus.com.br\/assistencia-social\/noticias\/paulus-social-apoia-o-ii-encontro-nacional-de-usuarios-do-suas-em-brasilia\/","title":{"rendered":"PAULUS Social apoia o II Encontro Nacional de Usu\u00e1rios do SUAS em Bras\u00edlia"},"content":{"rendered":"\n<p>A PAULUS Social, em parceria com o F\u00f3rum Nacional de Usu\u00e1rios do SUAS (FNUSUAS), marcou presen\u00e7a no II Encontro Nacional de Usu\u00e1rios do Sistema \u00danico de Assist\u00eancia Social (SUAS), realizado em Bras\u00edlia-DF entre os dias 11 e 13 de novembro. O evento reuniu mais de 300 participantes de todas as regi\u00f5es do pa\u00eds, representantes de f\u00f3runs regionais, municipais e estaduais.<\/p>\n\n\n\n<p>A mesa de abertura destacou a diversidade dos usu\u00e1rios do SUAS, com representantes de popula\u00e7\u00f5es ind\u00edgenas, pessoas com defici\u00eancia, idosos, quilombolas, LGBTQIAPN+, m\u00e3es benefici\u00e1rias do Bolsa Fam\u00edlia, pessoas em situa\u00e7\u00e3o de rua e catadores. Tamb\u00e9m estiveram presentes o Secret\u00e1rio Nacional de Assist\u00eancia Social, Andr\u00e9 Quint\u00e3o, e representantes das Secretarias Nacional de Renda de Cidadania (SENARC), Nacional de Seguran\u00e7a Alimentar e Nutricional (SESAN), demais representantes da Secretaria Nacional de Assist\u00eancia Social (SNAS) e o Conselho Nacional de Assist\u00eancia Social, sendo representado pelo Presidente, Edgilson Tavares,&nbsp; e a Vice-Presidente, Marcia Rocha<\/p>\n\n\n\n<p>Durante o encontro, a PAULUS Social desempenhou um papel ativo, contribuindo como facilitadora dos debates e fornecendo 500 kits de materiais. Cada kit inclu\u00eda exemplares da Resolu\u00e7\u00e3o CNAS 99\/23, da Lei Org\u00e2nica da Assist\u00eancia Social (LOAS), da Resolu\u00e7\u00e3o CNAS 100\/23, o guia &#8220;SUAS: Modo de Usar&#8221;, al\u00e9m de um bloco de notas, todos entregues em sacolas personalizadas pela PAULUS. O sucesso do material foi t\u00e3o significativo que, para 2025, ser\u00e3o impressos mais 15 mil exemplares, que ser\u00e3o disponibilizados gratuitamente para FNUSUAS distribuir para usu\u00e1rios em todo o Brasil.<\/p>\n\n\n\n<p>No segundo dia do evento, os participantes se dividiram em grupos tem\u00e1ticos para debater os eixos: Participa\u00e7\u00e3o; Controle Social e Defesa de Direitos dos Usu\u00e1rios. Utilizando a ferramenta de an\u00e1lise \u201cMatriz FOFA\u201d, os usu\u00e1rios discutiram estrat\u00e9gias para ampliar sua participa\u00e7\u00e3o e fortalecer sua atua\u00e7\u00e3o na Pol\u00edtica de Assist\u00eancia Social.<\/p>\n\n\n\n<p>O evento contou com a participa\u00e7\u00e3o da \u00e1rea social da Sociedade B\u00edblica do Brasil \u2013 SBB que atuou em conjunto com a PAULUS Social na sistematiza\u00e7\u00e3o das produ\u00e7\u00f5es geradas pelos grupos tem\u00e1ticos e apoio na infraestrutura do evento.&nbsp;<\/p>\n\n\n\n<p>O encontro foi mais um passo importante na consolida\u00e7\u00e3o do protagonismo dos usu\u00e1rios do SUAS, reafirmando tamb\u00e9m o compromisso da PAULUS com a constru\u00e7\u00e3o de uma pol\u00edtica de assist\u00eancia social mais inclusiva e participativa.<\/p>\n\n\n\n<p>O Programa de Assessoramento da PAULUS Social \u00e9 realizado por meio de a\u00e7\u00f5es estruturadas para dialogar e construir coletivamente solu\u00e7\u00f5es para as principais demandas da pol\u00edtica de Assist\u00eancia Social no Brasil.<\/p>\n","protected":false},"featured_media":9215,"template":"","tags":[],"class_list":["post-9214","noticias","type-noticias","status-publish","has-post-thumbnail","hentry"],"acf":[],"_links":{"self":[{"href":"https:\/\/www.paulus.com.br\/assistencia-social\/wp-json\/wp\/v2\/noticias\/9214","targetHints":{"allow":["GET"]}}],"collection":[{"href":"https:\/\/www.paulus.com.br\/assistencia-social\/wp-json\/wp\/v2\/noticias"}],"about":[{"href":"https:\/\/www.paulus.com.br\/assistencia-social\/wp-json\/wp\/v2\/types\/noticias"}],"wp:featuredmedia":[{"embeddable":true,"href":"https:\/\/www.paulus.com.br\/assistencia-social\/wp-json\/wp\/v2\/media\/9215"}],"wp:attachment":[{"href":"https:\/\/www.paulus.com.br\/assistencia-social\/wp-json\/wp\/v2\/media?parent=9214"}],"wp:term":[{"taxonomy":"post_tag","embeddable":true,"href":"https:\/\/www.paulus.com.br\/assistencia-social\/wp-json\/wp\/v2\/tags?post=9214"}],"curies":[{"name":"wp","href":"https:\/\/api.w.org\/{rel}","templated":true}]}}