{"id":9202,"date":"2024-11-14T14:46:48","date_gmt":"2024-11-14T17:46:48","guid":{"rendered":"https:\/\/www.paulus.com.br\/assistencia-social\/?post_type=noticias&#038;p=9202"},"modified":"2024-11-14T14:46:49","modified_gmt":"2024-11-14T17:46:49","slug":"programa-inovasuas-agita-olinda-com-um-encontro-interativo-e-inspirador","status":"publish","type":"noticias","link":"https:\/\/www.paulus.com.br\/assistencia-social\/noticias\/programa-inovasuas-agita-olinda-com-um-encontro-interativo-e-inspirador\/","title":{"rendered":"Programa InovaSUAS agita Olinda com um encontro interativo e inspirador"},"content":{"rendered":"\n<p>Em uma atmosfera vibrante e cheia de acolhimento, a PAULUS Social, em parceria com a Secretaria de Desenvolvimento e Assist\u00eancia Social (SDSDH), promoveu a forma\u00e7\u00e3o \u201cPAIF e SCFV\u201d nos dias 6 e 7 de novembro, em Olinda\/PE. A atividade reuniu sorrisos, trocas de experi\u00eancias e o aut\u00eantico tempero pernambucano para aprofundar o entendimento dos participantes sobre o trabalho com fam\u00edlias no Servi\u00e7o de Prote\u00e7\u00e3o Integral \u00e0 Fam\u00edlia (PAIF) e no Servi\u00e7o de Conviv\u00eancia e Fortalecimento de V\u00ednculos (SCFV).<\/p>\n\n\n\n<p>Sob a media\u00e7\u00e3o da formadora Samara Xavier, historiadora formada pela UNESP e mestra em Servi\u00e7o Social pela PUC\/SP, o encontro proporcionou um espa\u00e7o rico de discuss\u00f5es e din\u00e2micas interativas. Com vasta experi\u00eancia no SUAS, Samara conduziu os participantes atrav\u00e9s de reflex\u00f5es e debates sobre a integra\u00e7\u00e3o dos servi\u00e7os PAIF e SCFV. O grupo teve a oportunidade de n\u00e3o apenas compreender as diretrizes desses servi\u00e7os, mas tamb\u00e9m de explorar novas estrat\u00e9gias e pr\u00e1ticas para aprimorar o atendimento a fam\u00edlias e indiv\u00edduos.<\/p>\n\n\n\n<p>A programa\u00e7\u00e3o, com carga hor\u00e1ria de 16 horas distribu\u00eddas em dois dias, envolveu 40 coordenadores(as), t\u00e9cnicos(as) e educadores(as) sociais dos munic\u00edpios de Igarassu, S\u00e3o Louren\u00e7o da Mata, Cabo de Santo Agostinho, Paulista, Camaragibe, Ara\u00e7oiaba, Abreu e Lima, al\u00e9m do munic\u00edpio sede, Olinda. Cada momento foi pensado para engajar e aproximar os profissionais, facilitando o di\u00e1logo e a troca de experi\u00eancias. Houve espa\u00e7o para debates e para a cria\u00e7\u00e3o de estrat\u00e9gias conjuntas, garantindo uma viv\u00eancia realmente colaborativa e enriquecedora.<\/p>\n\n\n\n<p>Como representantes do Assessoramento da PAULUS Social, estiveram presentes a supervisora Mira Lopes e a analista de projetos sociais Anna Caroline Gama, prestando suporte t\u00e9cnico \u00e0 formadora e garantindo que o conte\u00fado estivesse alinhado com as diretrizes da PAULUS e da pol\u00edtica de Assist\u00eancia Social. Tamb\u00e9m estiveram presentes no Encontro Eva Fellows e Rosiane Ten\u00f3rio que comp\u00f5em a Articula\u00e7\u00e3o dos SCFV da Regi\u00e3o Metropolitana do Recife.<\/p>\n\n\n\n<p>Com a energia e o compromisso de cada participante, o processo formativo refor\u00e7ou a import\u00e2ncia do trabalho integrado e das a\u00e7\u00f5es coletivas no fortalecimento da assist\u00eancia social na regi\u00e3o.<\/p>\n\n\n\n<p>O Programa InovaSUAS \u00e9 estruturado na capacita\u00e7\u00e3o e forma\u00e7\u00e3o de lideran\u00e7as e usu\u00e1rios dos servi\u00e7os, programas e projetos da rede socioassistencial e profissionais ligados \u00e0 rede de servi\u00e7os que visam desenvolver seu conhecimento nas mais diversas tem\u00e1ticas do SUAS, com forma\u00e7\u00f5es gratuitas presentes em todo o territ\u00f3rio nacional.<\/p>\n","protected":false},"featured_media":9203,"template":"","tags":[],"class_list":["post-9202","noticias","type-noticias","status-publish","has-post-thumbnail","hentry"],"acf":[],"_links":{"self":[{"href":"https:\/\/www.paulus.com.br\/assistencia-social\/wp-json\/wp\/v2\/noticias\/9202","targetHints":{"allow":["GET"]}}],"collection":[{"href":"https:\/\/www.paulus.com.br\/assistencia-social\/wp-json\/wp\/v2\/noticias"}],"about":[{"href":"https:\/\/www.paulus.com.br\/assistencia-social\/wp-json\/wp\/v2\/types\/noticias"}],"wp:featuredmedia":[{"embeddable":true,"href":"https:\/\/www.paulus.com.br\/assistencia-social\/wp-json\/wp\/v2\/media\/9203"}],"wp:attachment":[{"href":"https:\/\/www.paulus.com.br\/assistencia-social\/wp-json\/wp\/v2\/media?parent=9202"}],"wp:term":[{"taxonomy":"post_tag","embeddable":true,"href":"https:\/\/www.paulus.com.br\/assistencia-social\/wp-json\/wp\/v2\/tags?post=9202"}],"curies":[{"name":"wp","href":"https:\/\/api.w.org\/{rel}","templated":true}]}}