{"id":9189,"date":"2024-11-14T08:55:15","date_gmt":"2024-11-14T11:55:15","guid":{"rendered":"https:\/\/www.paulus.com.br\/assistencia-social\/?post_type=noticias&#038;p=9189"},"modified":"2024-11-14T08:56:04","modified_gmt":"2024-11-14T11:56:04","slug":"paulus-social-e-o-fosc-bh-reunem-trabalhadoresas-de-belo-horizonte-mg-em-debate-sobre-praticas-necessarias-para-metodologia-monitoramento-e-avaliacao-no-scfv","status":"publish","type":"noticias","link":"https:\/\/www.paulus.com.br\/assistencia-social\/noticias\/paulus-social-e-o-fosc-bh-reunem-trabalhadoresas-de-belo-horizonte-mg-em-debate-sobre-praticas-necessarias-para-metodologia-monitoramento-e-avaliacao-no-scfv\/","title":{"rendered":"PAULUS Social e o FOSC-BH re\u00fanem trabalhadores(as) de Belo Horizonte\/MG em debate sobre pr\u00e1ticas necess\u00e1rias para metodologia, monitoramento e avalia\u00e7\u00e3o no SCFV"},"content":{"rendered":"\n<p>Em parceria com o F\u00f3rum das Organiza\u00e7\u00f5es da Sociedade Civil de Belo Horizonte\/MG (FOSC-BH), a PAULUS Social promoveu mais um encontro do Programa InovaSUAS com trabalhadores(as) de Servi\u00e7os de Conviv\u00eancia e Fortalecimento de V\u00ednculos (SCFV) da rede municipal. O objetivo do encontro foi ampliar a vis\u00e3o sobre o diagn\u00f3stico, planejamento, monitoramento e avalia\u00e7\u00e3o das a\u00e7\u00f5es nos servi\u00e7os, com \u00eanfase nas estruturas, impactos e na atua\u00e7\u00e3o desses servi\u00e7os nos territ\u00f3rios.<\/p>\n\n\n\n<p>O FOSC-BH \u00e9 um f\u00f3rum permanente de entidades socioassistenciais composto por trabalhadores da assist\u00eancia social de Belo Horizonte. O f\u00f3rum prioriza a articula\u00e7\u00e3o de Organiza\u00e7\u00f5es da Sociedade Civil (OSCs) com o poder p\u00fablico, por meio da Secretaria Municipal de Assist\u00eancia Social, e tem como foco a reflex\u00e3o e representa\u00e7\u00e3o em espa\u00e7os de controle social. Al\u00e9m disso, fomenta, de forma contundente, o debate sobre quest\u00f5es relacionadas \u00e0 Pol\u00edtica de Assist\u00eancia Social no munic\u00edpio.<\/p>\n\n\n\n<p>No decorrer da forma\u00e7\u00e3o, surgiram diversas conversa\u00e7\u00f5es que contribu\u00edram para a constru\u00e7\u00e3o de um percurso formativo centrado no diagn\u00f3stico, planejamento, execu\u00e7\u00e3o e avalia\u00e7\u00e3o das a\u00e7\u00f5es dentro dos SCFV. Esse percurso levou em considera\u00e7\u00e3o o contexto territorial onde o servi\u00e7o est\u00e1 inserido, as demandas e principais necessidades, al\u00e9m de destacar a import\u00e2ncia do planejamento estrat\u00e9gico para a execu\u00e7\u00e3o do servi\u00e7o. Esse planejamento envolve a an\u00e1lise da infraestrutura real e ideal para atingir os objetivos e metas estabelecidos, culminando na avalia\u00e7\u00e3o e tabula\u00e7\u00e3o dos indicadores.<\/p>\n\n\n\n<p>As provoca\u00e7\u00f5es e debates realizados ao longo da forma\u00e7\u00e3o contribu\u00edram para um maior entendimento por parte dos participantes sobre os caminhos pr\u00e1ticos e metodol\u00f3gicos necess\u00e1rios para implementar o monitoramento e a avalia\u00e7\u00e3o nos SCFV. Tais pr\u00e1ticas s\u00e3o fundamentais para garantir ao servi\u00e7o e aos trabalhadores a confian\u00e7a e a estabilidade necess\u00e1rias para planejar, executar e avaliar os processos e as a\u00e7\u00f5es realizadas.<\/p>\n\n\n\n<p>A forma\u00e7\u00e3o ocorreu nas depend\u00eancias da Pontif\u00edcia Universidade Cat\u00f3lica de Minas Gerais (PUC-Minas) e foi conduzida por Neila Soledade, assistente social de forma\u00e7\u00e3o, p\u00f3s-graduada em Gest\u00e3o P\u00fablica, ex-coordenadora estadual do Programa Primeira Inf\u00e2ncia no SUAS, na Bahia, al\u00e9m de produtora e disseminadora de conte\u00fados voltados para a assist\u00eancia social.<\/p>\n\n\n\n<p>O Programa InovaSUAS \u00e9 estruturado na capacita\u00e7\u00e3o e forma\u00e7\u00e3o de lideran\u00e7as e usu\u00e1rios dos servi\u00e7os, programas e projetos da rede socioassistencial e profissionais ligados \u00e0 rede de servi\u00e7os que visam desenvolver seu conhecimento nas mais diversas tem\u00e1ticas do SUAS, com forma\u00e7\u00f5es gratuitas presentes em todo o territ\u00f3rio nacional.<\/p>\n\n\n\n<p><\/p>\n\n\n\n<p><\/p>\n","protected":false},"featured_media":9190,"template":"","tags":[],"class_list":["post-9189","noticias","type-noticias","status-publish","has-post-thumbnail","hentry"],"acf":[],"_links":{"self":[{"href":"https:\/\/www.paulus.com.br\/assistencia-social\/wp-json\/wp\/v2\/noticias\/9189","targetHints":{"allow":["GET"]}}],"collection":[{"href":"https:\/\/www.paulus.com.br\/assistencia-social\/wp-json\/wp\/v2\/noticias"}],"about":[{"href":"https:\/\/www.paulus.com.br\/assistencia-social\/wp-json\/wp\/v2\/types\/noticias"}],"wp:featuredmedia":[{"embeddable":true,"href":"https:\/\/www.paulus.com.br\/assistencia-social\/wp-json\/wp\/v2\/media\/9190"}],"wp:attachment":[{"href":"https:\/\/www.paulus.com.br\/assistencia-social\/wp-json\/wp\/v2\/media?parent=9189"}],"wp:term":[{"taxonomy":"post_tag","embeddable":true,"href":"https:\/\/www.paulus.com.br\/assistencia-social\/wp-json\/wp\/v2\/tags?post=9189"}],"curies":[{"name":"wp","href":"https:\/\/api.w.org\/{rel}","templated":true}]}}