{"id":9176,"date":"2024-11-04T16:08:19","date_gmt":"2024-11-04T19:08:19","guid":{"rendered":"https:\/\/www.paulus.com.br\/assistencia-social\/?post_type=noticias&#038;p=9176"},"modified":"2024-11-04T16:08:19","modified_gmt":"2024-11-04T19:08:19","slug":"paulus-social-contribuindo-para-o-fortalecimento-da-politica-publica-de-assistencia-social-em-goiania-go","status":"publish","type":"noticias","link":"https:\/\/www.paulus.com.br\/assistencia-social\/noticias\/paulus-social-contribuindo-para-o-fortalecimento-da-politica-publica-de-assistencia-social-em-goiania-go\/","title":{"rendered":"PAULUS Social contribuindo para o fortalecimento da pol\u00edtica p\u00fablica de assist\u00eancia social em Goi\u00e2nia-GO"},"content":{"rendered":"\n<p>No dia 31 de outubro, a equipe de assessoramento da PAULUS Social participou do evento intitulado \u201cPrimeiro encontro do Conselho Municipal de Assist\u00eancia social de Goi\u00e2nia com as organiza\u00e7\u00f5es da sociedade civil de assist\u00eancia social\u201d, promovido pelo Conselho Municipal de Assist\u00eancia Social de Goi\u00e2nia (CMASGyn).<\/p>\n\n\n\n<p>O encontro aconteceu no Audit\u00f3rio da APAE \u2013 Jardim Goi\u00e1s \u2013 Goi\u00e2nia(GO), contando com a presen\u00e7a de mais de 250 trabalhadores que executam os servi\u00e7os p\u00fablicos de forma direta e indireta na regi\u00e3o e teve como objetivo fomentar a intera\u00e7\u00e3o entre as entidades de assist\u00eancia social que comp\u00f5em o Sistema \u00danico de Assist\u00eancia Social (SUAS) em Goi\u00e2nia, proporcionando um espa\u00e7o de reflex\u00e3o sobre pol\u00edticas p\u00fablicas e os desafios enfrentados pelas entidades.<\/p>\n\n\n\n<p>Dentre as autoridades convidadas para contribuir com o processo de reflex\u00e3o, Alessandro Tiezzi \u2013 coordenador da \u00e1rea de assist\u00eancia social da PAULUS \u2013 comp\u00f4s a mesa, representando a institui\u00e7\u00e3o.<\/p>\n\n\n\n<p>Durante toda a manh\u00e3 os palestrantes promoveram um ambiente reflexivo, contextualizando historicamente o surgimento da assist\u00eancia social no Brasil at\u00e9 atingir o status de pol\u00edtica p\u00fablica. Um aspecto importante a destacar \u00e9 que a articula\u00e7\u00e3o entre institui\u00e7\u00f5es, movimentos sociais e poder p\u00fablico fortalece a rede de prote\u00e7\u00e3o e assist\u00eancia social \u00e0s pessoas que necessitam de apoio.<\/p>\n\n\n\n<p>Ao atuar na interface entre a sociedade civil e o poder p\u00fablico, a PAULUS Social contribui significativamente para a constru\u00e7\u00e3o de um Brasil mais justo, objetivando que todos tenham acesso aos seus direitos e possam viver com dignidade. A luta pela pol\u00edtica p\u00fablica de assist\u00eancia social \u00e9, portanto, uma luta coletiva, e a PAULUS est\u00e1 comprometida em promover essa transforma\u00e7\u00e3o social.<\/p>\n\n\n\n<p>O Programa InovaSUAS \u00e9 estruturado na capacita\u00e7\u00e3o e forma\u00e7\u00e3o de lideran\u00e7as e usu\u00e1rios dos servi\u00e7os, programas e projetos da rede socioassistencial e profissionais ligados \u00e0 rede de servi\u00e7os que visam desenvolver seu conhecimento nas mais diversas tem\u00e1ticas do SUAS, com forma\u00e7\u00f5es gratuitas presentes em todo o territ\u00f3rio nacional.<\/p>\n","protected":false},"featured_media":9177,"template":"","tags":[],"class_list":["post-9176","noticias","type-noticias","status-publish","has-post-thumbnail","hentry"],"acf":[],"_links":{"self":[{"href":"https:\/\/www.paulus.com.br\/assistencia-social\/wp-json\/wp\/v2\/noticias\/9176","targetHints":{"allow":["GET"]}}],"collection":[{"href":"https:\/\/www.paulus.com.br\/assistencia-social\/wp-json\/wp\/v2\/noticias"}],"about":[{"href":"https:\/\/www.paulus.com.br\/assistencia-social\/wp-json\/wp\/v2\/types\/noticias"}],"wp:featuredmedia":[{"embeddable":true,"href":"https:\/\/www.paulus.com.br\/assistencia-social\/wp-json\/wp\/v2\/media\/9177"}],"wp:attachment":[{"href":"https:\/\/www.paulus.com.br\/assistencia-social\/wp-json\/wp\/v2\/media?parent=9176"}],"wp:term":[{"taxonomy":"post_tag","embeddable":true,"href":"https:\/\/www.paulus.com.br\/assistencia-social\/wp-json\/wp\/v2\/tags?post=9176"}],"curies":[{"name":"wp","href":"https:\/\/api.w.org\/{rel}","templated":true}]}}