{"id":9162,"date":"2024-10-31T14:29:49","date_gmt":"2024-10-31T17:29:49","guid":{"rendered":"https:\/\/www.paulus.com.br\/assistencia-social\/?post_type=noticias&#038;p=9162"},"modified":"2024-10-31T14:29:50","modified_gmt":"2024-10-31T17:29:50","slug":"semana-da-crianca","status":"publish","type":"noticias","link":"https:\/\/www.paulus.com.br\/assistencia-social\/noticias\/semana-da-crianca\/","title":{"rendered":"Semana da Crian\u00e7a"},"content":{"rendered":"\n<p>No Centro PAULUS de Conviv\u00eancia \u2013 Freguesia do \u00d3, durante uma semana do m\u00eas de outubro, aconteceram diversas atividades para celebrar o dia das crian\u00e7as.<\/p>\n\n\n\n<figure class=\"wp-block-image size-full\"><a href=\"https:\/\/www.paulus.com.br\/assistencia-social\/wp-content\/uploads\/2024\/10\/716semanacrianca5.jpg\"><img loading=\"lazy\" decoding=\"async\" width=\"716\" height=\"444\" src=\"https:\/\/www.paulus.com.br\/assistencia-social\/wp-content\/uploads\/2024\/10\/716semanacrianca5.jpg\" alt=\"\" class=\"wp-image-9165\" srcset=\"https:\/\/www.paulus.com.br\/assistencia-social\/wp-content\/uploads\/2024\/10\/716semanacrianca5.jpg 716w, https:\/\/www.paulus.com.br\/assistencia-social\/wp-content\/uploads\/2024\/10\/716semanacrianca5-300x186.jpg 300w\" sizes=\"auto, (max-width: 716px) 100vw, 716px\" \/><\/a><\/figure>\n\n\n\n<p>A programa\u00e7\u00e3o da semana foi ampla e bem variada: teve cinema com pipoca, dia da camiseta do time preferido, dia das cores, show de talentos e, o que n\u00e3o poderia faltar, dia do cabelo maluco!<\/p>\n\n\n\n<figure class=\"wp-block-image size-full\"><a href=\"https:\/\/www.paulus.com.br\/assistencia-social\/wp-content\/uploads\/2024\/10\/716semanacrianca3.jpg\"><img loading=\"lazy\" decoding=\"async\" width=\"716\" height=\"444\" src=\"https:\/\/www.paulus.com.br\/assistencia-social\/wp-content\/uploads\/2024\/10\/716semanacrianca3.jpg\" alt=\"\" class=\"wp-image-9166\" srcset=\"https:\/\/www.paulus.com.br\/assistencia-social\/wp-content\/uploads\/2024\/10\/716semanacrianca3.jpg 716w, https:\/\/www.paulus.com.br\/assistencia-social\/wp-content\/uploads\/2024\/10\/716semanacrianca3-300x186.jpg 300w\" sizes=\"auto, (max-width: 716px) 100vw, 716px\" \/><\/a><\/figure>\n\n\n\n<p>As crian\u00e7as se divertiram e as fam\u00edlias se dedicaram para arrasar nos penteados, trazendo ainda mais o sentimento de uni\u00e3o e pertencimento entre crian\u00e7as, adolescentes e suas fam\u00edlias.<\/p>\n\n\n","protected":false},"featured_media":9163,"template":"","tags":[],"class_list":["post-9162","noticias","type-noticias","status-publish","has-post-thumbnail","hentry"],"acf":[],"_links":{"self":[{"href":"https:\/\/www.paulus.com.br\/assistencia-social\/wp-json\/wp\/v2\/noticias\/9162","targetHints":{"allow":["GET"]}}],"collection":[{"href":"https:\/\/www.paulus.com.br\/assistencia-social\/wp-json\/wp\/v2\/noticias"}],"about":[{"href":"https:\/\/www.paulus.com.br\/assistencia-social\/wp-json\/wp\/v2\/types\/noticias"}],"wp:featuredmedia":[{"embeddable":true,"href":"https:\/\/www.paulus.com.br\/assistencia-social\/wp-json\/wp\/v2\/media\/9163"}],"wp:attachment":[{"href":"https:\/\/www.paulus.com.br\/assistencia-social\/wp-json\/wp\/v2\/media?parent=9162"}],"wp:term":[{"taxonomy":"post_tag","embeddable":true,"href":"https:\/\/www.paulus.com.br\/assistencia-social\/wp-json\/wp\/v2\/tags?post=9162"}],"curies":[{"name":"wp","href":"https:\/\/api.w.org\/{rel}","templated":true}]}}