{"id":9157,"date":"2024-10-31T14:23:23","date_gmt":"2024-10-31T17:23:23","guid":{"rendered":"https:\/\/www.paulus.com.br\/assistencia-social\/?post_type=noticias&#038;p=9157"},"modified":"2024-10-31T14:23:24","modified_gmt":"2024-10-31T17:23:24","slug":"passeio-no-parque-cemucam","status":"publish","type":"noticias","link":"https:\/\/www.paulus.com.br\/assistencia-social\/noticias\/passeio-no-parque-cemucam\/","title":{"rendered":"Passeio no Parque CEMUCAM"},"content":{"rendered":"\n<p>Em comemora\u00e7\u00e3o a semana do dia das crian\u00e7as, no dia 08\/10\/2024, os atendidos do Centro PAULUS Conviv\u00eancia \u2013 Osasco, tiveram a oportunidade de conhecer o Centro Municipal de Campismo, conhecido pela sigla CEMUCAM. Criado em 1968 com a finalidade de divulgar o campismo e atender o movimento escoteiro, o CEMUCAM \u00e9 o \u00fanico parque municipal localizado fora do munic\u00edpio de S\u00e3o Paulo, situado no munic\u00edpio de Cotia, a oeste da capital.<\/p>\n\n\n\n<figure class=\"wp-block-image size-full\"><a href=\"https:\/\/www.paulus.com.br\/assistencia-social\/wp-content\/uploads\/2024\/10\/716cemucam1.jpg\"><img loading=\"lazy\" decoding=\"async\" width=\"716\" height=\"444\" src=\"https:\/\/www.paulus.com.br\/assistencia-social\/wp-content\/uploads\/2024\/10\/716cemucam1.jpg\" alt=\"\" class=\"wp-image-9161\" srcset=\"https:\/\/www.paulus.com.br\/assistencia-social\/wp-content\/uploads\/2024\/10\/716cemucam1.jpg 716w, https:\/\/www.paulus.com.br\/assistencia-social\/wp-content\/uploads\/2024\/10\/716cemucam1-300x186.jpg 300w\" sizes=\"auto, (max-width: 716px) 100vw, 716px\" \/><\/a><\/figure>\n\n\n\n<p>A atividade foi planejada com o objetivo de proporcionar um dia especial, em que todos pudessem brincar, interagir e entrar em contato direto com a natureza.Foi um dia repleto de divers\u00e3o, em que as crian\u00e7as e adolescentes exploraram o parque, participaram de brincadeiras, fizeram trilha ambiental e aproveitaram deveras cada momento ao ar livre. O passeio trouxe n\u00e3o s\u00f3 lazer, mas tamb\u00e9m importantes momentos de conviv\u00eancia e aprendizado, em harmonia com o meio ambiente.<\/p>\n\n\n\n<figure class=\"wp-block-image size-full\"><a href=\"https:\/\/www.paulus.com.br\/assistencia-social\/wp-content\/uploads\/2024\/10\/716cemucam3.jpg\"><img loading=\"lazy\" decoding=\"async\" width=\"716\" height=\"444\" src=\"https:\/\/www.paulus.com.br\/assistencia-social\/wp-content\/uploads\/2024\/10\/716cemucam3.jpg\" alt=\"\" class=\"wp-image-9159\" srcset=\"https:\/\/www.paulus.com.br\/assistencia-social\/wp-content\/uploads\/2024\/10\/716cemucam3.jpg 716w, https:\/\/www.paulus.com.br\/assistencia-social\/wp-content\/uploads\/2024\/10\/716cemucam3-300x186.jpg 300w\" sizes=\"auto, (max-width: 716px) 100vw, 716px\" \/><\/a><\/figure>\n","protected":false},"featured_media":9158,"template":"","tags":[],"class_list":["post-9157","noticias","type-noticias","status-publish","has-post-thumbnail","hentry"],"acf":[],"_links":{"self":[{"href":"https:\/\/www.paulus.com.br\/assistencia-social\/wp-json\/wp\/v2\/noticias\/9157","targetHints":{"allow":["GET"]}}],"collection":[{"href":"https:\/\/www.paulus.com.br\/assistencia-social\/wp-json\/wp\/v2\/noticias"}],"about":[{"href":"https:\/\/www.paulus.com.br\/assistencia-social\/wp-json\/wp\/v2\/types\/noticias"}],"wp:featuredmedia":[{"embeddable":true,"href":"https:\/\/www.paulus.com.br\/assistencia-social\/wp-json\/wp\/v2\/media\/9158"}],"wp:attachment":[{"href":"https:\/\/www.paulus.com.br\/assistencia-social\/wp-json\/wp\/v2\/media?parent=9157"}],"wp:term":[{"taxonomy":"post_tag","embeddable":true,"href":"https:\/\/www.paulus.com.br\/assistencia-social\/wp-json\/wp\/v2\/tags?post=9157"}],"curies":[{"name":"wp","href":"https:\/\/api.w.org\/{rel}","templated":true}]}}