{"id":9149,"date":"2024-10-31T14:19:58","date_gmt":"2024-10-31T17:19:58","guid":{"rendered":"https:\/\/www.paulus.com.br\/assistencia-social\/?post_type=noticias&#038;p=9149"},"modified":"2024-10-31T14:19:58","modified_gmt":"2024-10-31T17:19:58","slug":"conhecendo-atuacoes-profissionais","status":"publish","type":"noticias","link":"https:\/\/www.paulus.com.br\/assistencia-social\/noticias\/conhecendo-atuacoes-profissionais\/","title":{"rendered":"Conhecendo atua\u00e7\u00f5es profissionais"},"content":{"rendered":"\n<p>No Centro PAULUS de Conviv\u00eancia \u2013 Vila Mariana, as atividades do Servi\u00e7o de Conviv\u00eancia e Fortalecimento de V\u00ednculos possuem foco no conhecimento de informa\u00e7\u00f5es e habilidades para a conviv\u00eancia e o mundo do trabalho. E, na PAULUS, os adolescentes e jovens atendidos tiveram a oportunidade de visitar a Gr\u00e1fica, em Cotia, e as atua\u00e7\u00f5es dos departamentos Editorial e de Marketing, ambos na Central Administrativa, nos meses de setembro e outubro.<\/p>\n\n\n\n<figure class=\"wp-block-image size-full\"><a href=\"https:\/\/www.paulus.com.br\/assistencia-social\/wp-content\/uploads\/2024\/10\/716editorialgrafica3.jpg\"><img loading=\"lazy\" decoding=\"async\" width=\"716\" height=\"444\" src=\"https:\/\/www.paulus.com.br\/assistencia-social\/wp-content\/uploads\/2024\/10\/716editorialgrafica3.jpg\" alt=\"\" class=\"wp-image-9153\" srcset=\"https:\/\/www.paulus.com.br\/assistencia-social\/wp-content\/uploads\/2024\/10\/716editorialgrafica3.jpg 716w, https:\/\/www.paulus.com.br\/assistencia-social\/wp-content\/uploads\/2024\/10\/716editorialgrafica3-300x186.jpg 300w\" sizes=\"auto, (max-width: 716px) 100vw, 716px\" \/><\/a><\/figure>\n\n\n\n<p>Os profissionais respons\u00e1veis de cada \u00e1rea receberam muito bem o grupo e fizeram excelentes apresenta\u00e7\u00f5es sobre como s\u00e3o desenvolvidos os trabalhos, quais as forma\u00e7\u00f5es de quem atua em cada \u00e1rea e quest\u00f5es espec\u00edficas. Essas informa\u00e7\u00f5es ampliam o repert\u00f3rio dos atendidos do servi\u00e7o e trazem maiores possibilidades de atua\u00e7\u00e3o profissional para cada um deles.<\/p>\n\n\n\n<figure class=\"wp-block-image size-full\"><a href=\"https:\/\/www.paulus.com.br\/assistencia-social\/wp-content\/uploads\/2024\/10\/716editorialgrafica5-1.jpg\"><img loading=\"lazy\" decoding=\"async\" width=\"716\" height=\"444\" src=\"https:\/\/www.paulus.com.br\/assistencia-social\/wp-content\/uploads\/2024\/10\/716editorialgrafica5-1.jpg\" alt=\"\" class=\"wp-image-9156\" srcset=\"https:\/\/www.paulus.com.br\/assistencia-social\/wp-content\/uploads\/2024\/10\/716editorialgrafica5-1.jpg 716w, https:\/\/www.paulus.com.br\/assistencia-social\/wp-content\/uploads\/2024\/10\/716editorialgrafica5-1-300x186.jpg 300w\" sizes=\"auto, (max-width: 716px) 100vw, 716px\" \/><\/a><\/figure>\n\n\n\n<p>Novamente a PAULUS reafirma sua import\u00e2ncia ao abrir as portas, receber o grupo e apresentar com tanta dedica\u00e7\u00e3o como \u00e9 feito cada etapa dos diferentes trabalhos.<\/p>\n\n\n\n<figure class=\"wp-block-image size-full\"><a href=\"https:\/\/www.paulus.com.br\/assistencia-social\/wp-content\/uploads\/2024\/10\/716editorialgrafica4.jpg\"><img loading=\"lazy\" decoding=\"async\" width=\"716\" height=\"444\" src=\"https:\/\/www.paulus.com.br\/assistencia-social\/wp-content\/uploads\/2024\/10\/716editorialgrafica4.jpg\" alt=\"\" class=\"wp-image-9152\" srcset=\"https:\/\/www.paulus.com.br\/assistencia-social\/wp-content\/uploads\/2024\/10\/716editorialgrafica4.jpg 716w, https:\/\/www.paulus.com.br\/assistencia-social\/wp-content\/uploads\/2024\/10\/716editorialgrafica4-300x186.jpg 300w\" sizes=\"auto, (max-width: 716px) 100vw, 716px\" \/><\/a><\/figure>\n\n\n\n<figure class=\"wp-block-image size-full\"><a href=\"https:\/\/www.paulus.com.br\/assistencia-social\/wp-content\/uploads\/2024\/10\/716editorialgrafica1.jpg\"><img loading=\"lazy\" decoding=\"async\" width=\"716\" height=\"444\" src=\"https:\/\/www.paulus.com.br\/assistencia-social\/wp-content\/uploads\/2024\/10\/716editorialgrafica1.jpg\" alt=\"\" class=\"wp-image-9155\" srcset=\"https:\/\/www.paulus.com.br\/assistencia-social\/wp-content\/uploads\/2024\/10\/716editorialgrafica1.jpg 716w, https:\/\/www.paulus.com.br\/assistencia-social\/wp-content\/uploads\/2024\/10\/716editorialgrafica1-300x186.jpg 300w\" sizes=\"auto, (max-width: 716px) 100vw, 716px\" \/><\/a><\/figure>\n","protected":false},"featured_media":9150,"template":"","tags":[],"class_list":["post-9149","noticias","type-noticias","status-publish","has-post-thumbnail","hentry"],"acf":[],"_links":{"self":[{"href":"https:\/\/www.paulus.com.br\/assistencia-social\/wp-json\/wp\/v2\/noticias\/9149","targetHints":{"allow":["GET"]}}],"collection":[{"href":"https:\/\/www.paulus.com.br\/assistencia-social\/wp-json\/wp\/v2\/noticias"}],"about":[{"href":"https:\/\/www.paulus.com.br\/assistencia-social\/wp-json\/wp\/v2\/types\/noticias"}],"wp:featuredmedia":[{"embeddable":true,"href":"https:\/\/www.paulus.com.br\/assistencia-social\/wp-json\/wp\/v2\/media\/9150"}],"wp:attachment":[{"href":"https:\/\/www.paulus.com.br\/assistencia-social\/wp-json\/wp\/v2\/media?parent=9149"}],"wp:term":[{"taxonomy":"post_tag","embeddable":true,"href":"https:\/\/www.paulus.com.br\/assistencia-social\/wp-json\/wp\/v2\/tags?post=9149"}],"curies":[{"name":"wp","href":"https:\/\/api.w.org\/{rel}","templated":true}]}}