{"id":9147,"date":"2024-10-28T15:16:50","date_gmt":"2024-10-28T18:16:50","guid":{"rendered":"https:\/\/www.paulus.com.br\/assistencia-social\/?post_type=noticias&#038;p=9147"},"modified":"2024-10-28T15:19:08","modified_gmt":"2024-10-28T18:19:08","slug":"paulus-social-e-sbb-promovem-encontro-de-boas-praticas","status":"publish","type":"noticias","link":"https:\/\/www.paulus.com.br\/assistencia-social\/noticias\/paulus-social-e-sbb-promovem-encontro-de-boas-praticas\/","title":{"rendered":"PAULUS Social e SBB promovem encontro de boas pr\u00e1ticas"},"content":{"rendered":"\n<p>A equipe de assessoramento da PAULUS Social inovou ao realizar o primeiro encontro entre equipes de assessoramento e atendimento em parceria com a Sociedade B\u00edblica do Brasil (SBB). O encontro aconteceu na cidade de Barueri nos dias 18 e 25 de outubro.<\/p>\n\n\n\n<p>Esse encontro teve o objetivo de compreender como a pol\u00edtica de assist\u00eancia social tem se estruturado para atender \u00e0s demandas de crian\u00e7as, adolescentes, adultos, idosos e suas fam\u00edlias por meio de um estudo sobre o Servi\u00e7o de Conviv\u00eancia e Fortalecimento de V\u00ednculos (SCFV) junto aos trabalhadores deste Servi\u00e7o e trabalhadores do assessoramento, defesa e garantia de direitos (ADGD). Qualificando assim, as interven\u00e7\u00f5es realizadas para a garantia dos direitos dos usu\u00e1rios de maneira \u00e9tica e cr\u00edtica da pol\u00edtica para, a partir disto, alterar o curso das trajet\u00f3rias de vida dos atendidos.<\/p>\n\n\n\n<p>O encontro qualificou 20 trabalhadores do SUAS que atuam diretamente com os usu\u00e1rios da pol\u00edtica de assist\u00eancia social e que ser\u00e3o multiplicadores de boas a\u00e7\u00f5es. Esteve presente a equipe de assessoramento, representada pelo coordenador Alessandro Tiezzi, pela supervisora Mira Lopes e pelos analistas Andr\u00e9 Nascimento, Anna Caroline Gama e \u00c9rica Souto, e tamb\u00e9m o coordenador das equipes de atendimento da PAULUS Social, Pedro Figueiredo. Representando a SBB estiveram presentes a gerente Emilene Ara\u00fajo e a Coordenadora Ana Paula.\u00a0<\/p>\n\n\n\n<p>A ocasi\u00e3o contou com a media\u00e7\u00e3o de Samara Xavier. Samara possui gradua\u00e7\u00e3o em Hist\u00f3ria pela UNESP e \u00e9 mestra em Servi\u00e7o Social pela PUC-SP. \u00c9 formadora da PAULUS Social e tem longa trajet\u00f3ria como trabalhadora e pesquisadora do SUAS. Essa troca de experi\u00eancias trouxe um momento de reflex\u00e3o sobre o <em>fazer<\/em> das equipes e proporcionou um momento rico de aprendizado colaborativo. Durante as atividades, os profissionais compartilharam suas viv\u00eancias, discutiram os desafios encontrados no cotidiano do trabalho e analisaram estrat\u00e9gias para aprimorar a abordagem no atendimento aos usu\u00e1rios. Esse di\u00e1logo entre as equipes de atendimento e assessoramento permitiu alinhar pr\u00e1ticas e fortalecer o entendimento sobre o papel do SCFV na constru\u00e7\u00e3o de redes de apoio comunit\u00e1rio e na promo\u00e7\u00e3o de autonomia entre os benefici\u00e1rios.<\/p>\n\n\n\n<p>Al\u00e9m disso, o evento destacou a import\u00e2ncia de uma atua\u00e7\u00e3o integrada entre os servi\u00e7os de prote\u00e7\u00e3o social e as a\u00e7\u00f5es de defesa e garantia de direitos, refor\u00e7ando que a assist\u00eancia social precisa ir al\u00e9m da oferta de servi\u00e7os b\u00e1sicos. Ela deve, principalmente, garantir que cada pessoa atendida seja respeitada em sua dignidade e tenha a oportunidade de desenvolver seus projetos de vida em um ambiente seguro e acolhedor.<\/p>\n\n\n\n<p>Com a parceria da Sociedade B\u00edblica do Brasil, a PAULUS Social reafirma seu compromisso em ampliar o impacto social por meio forma\u00e7\u00e3o continuada dos profissionais do SUAS. As equipes sa\u00edram do encontro motivadas a implementar novas pr\u00e1ticas e compartilhar o aprendizado adquirido com suas equipes locais, criando um ciclo de fortalecimento da pol\u00edtica de assist\u00eancia social que se inicia com a chegada da PAULUS Social na regi\u00e3o de Barueri.<\/p>\n","protected":false},"featured_media":9148,"template":"","tags":[],"class_list":["post-9147","noticias","type-noticias","status-publish","has-post-thumbnail","hentry"],"acf":[],"_links":{"self":[{"href":"https:\/\/www.paulus.com.br\/assistencia-social\/wp-json\/wp\/v2\/noticias\/9147","targetHints":{"allow":["GET"]}}],"collection":[{"href":"https:\/\/www.paulus.com.br\/assistencia-social\/wp-json\/wp\/v2\/noticias"}],"about":[{"href":"https:\/\/www.paulus.com.br\/assistencia-social\/wp-json\/wp\/v2\/types\/noticias"}],"wp:featuredmedia":[{"embeddable":true,"href":"https:\/\/www.paulus.com.br\/assistencia-social\/wp-json\/wp\/v2\/media\/9148"}],"wp:attachment":[{"href":"https:\/\/www.paulus.com.br\/assistencia-social\/wp-json\/wp\/v2\/media?parent=9147"}],"wp:term":[{"taxonomy":"post_tag","embeddable":true,"href":"https:\/\/www.paulus.com.br\/assistencia-social\/wp-json\/wp\/v2\/tags?post=9147"}],"curies":[{"name":"wp","href":"https:\/\/api.w.org\/{rel}","templated":true}]}}