{"id":9126,"date":"2024-10-04T09:40:11","date_gmt":"2024-10-04T12:40:11","guid":{"rendered":"https:\/\/www.paulus.com.br\/assistencia-social\/?post_type=noticias&#038;p=9126"},"modified":"2024-10-04T09:40:12","modified_gmt":"2024-10-04T12:40:12","slug":"paulus-social-encerra-o-ciclo-formativo-de-2024-em-cuiaba-mt","status":"publish","type":"noticias","link":"https:\/\/www.paulus.com.br\/assistencia-social\/noticias\/paulus-social-encerra-o-ciclo-formativo-de-2024-em-cuiaba-mt\/","title":{"rendered":"PAULUS Social encerra o ciclo formativo de 2024 em Cuiab\u00e1-MT"},"content":{"rendered":"\n<p>Nos dias 24 e 25 de setembro a equipe de assessoramento da PAULUS Social retornou a Cuiab\u00e1 em decorr\u00eancia da robusta parceria com o Conselho Municipal de Assist\u00eancia Social (CMAS), realizando a forma\u00e7\u00e3o intitulada: \u201cCEBAS e a aplicabilidade frente \u00e0 nova legisla\u00e7\u00e3o\u201d.&nbsp;<\/p>\n\n\n\n<p>O processo formativo foi conduzido pelo advogado Lincoln Moreira, formador em projetos em projetos de mobiliza\u00e7\u00e3o e garantia de direitos sociais, expert em <em>Compliance<\/em> e <em>Advocacy<\/em> no terceiro setor, direito p\u00fablico e sustentabilidade.<\/p>\n\n\n\n<figure class=\"wp-block-image size-full\"><a href=\"https:\/\/www.paulus.com.br\/assistencia-social\/wp-content\/uploads\/2024\/10\/716-cuiaba.jpg\"><img loading=\"lazy\" decoding=\"async\" width=\"716\" height=\"444\" src=\"https:\/\/www.paulus.com.br\/assistencia-social\/wp-content\/uploads\/2024\/10\/716-cuiaba.jpg\" alt=\"\" class=\"wp-image-9129\" srcset=\"https:\/\/www.paulus.com.br\/assistencia-social\/wp-content\/uploads\/2024\/10\/716-cuiaba.jpg 716w, https:\/\/www.paulus.com.br\/assistencia-social\/wp-content\/uploads\/2024\/10\/716-cuiaba-300x186.jpg 300w\" sizes=\"auto, (max-width: 716px) 100vw, 716px\" \/><\/a><\/figure>\n\n\n\n<p>A Casa dos Conselhos de Direitos de Cuiab\u00e1, localizada na regi\u00e3o centro-sul do estado de Mato Grosso foi o local que acolheu o p\u00fablico composto por conselheiros da assist\u00eancia social e gestores das organiza\u00e7\u00f5es sociais do territ\u00f3rio, que ao longo de dois dias consecutivos, imergiram e debateram sobre a obten\u00e7\u00e3o e\/ou renova\u00e7\u00e3o da Certifica\u00e7\u00e3o de Entidades Beneficentes de Assist\u00eancia Social (CEBAS).<\/p>\n\n\n\n<figure class=\"wp-block-image size-full\"><a href=\"https:\/\/www.paulus.com.br\/assistencia-social\/wp-content\/uploads\/2024\/10\/7161-cuiaba.jpg\"><img loading=\"lazy\" decoding=\"async\" width=\"716\" height=\"444\" src=\"https:\/\/www.paulus.com.br\/assistencia-social\/wp-content\/uploads\/2024\/10\/7161-cuiaba.jpg\" alt=\"\" class=\"wp-image-9130\" srcset=\"https:\/\/www.paulus.com.br\/assistencia-social\/wp-content\/uploads\/2024\/10\/7161-cuiaba.jpg 716w, https:\/\/www.paulus.com.br\/assistencia-social\/wp-content\/uploads\/2024\/10\/7161-cuiaba-300x186.jpg 300w\" sizes=\"auto, (max-width: 716px) 100vw, 716px\" \/><\/a><\/figure>\n\n\n\n<p>Como caracter\u00edstica das atividades desenvolvidas pelo Programa de Assessoramento da PAULUS Social, estiveram representando a institui\u00e7\u00e3o: Alessandro Tiezzi, coordenador social e \u00c9rica Souto, Analista Social do programa; igualmente zelando pelo bom andamento da atividade estiveram Sr\u00aa Ruth Leite da Silva e Sr. Miguel Pereira da Silva, respectivamente presidente e secret\u00e1rio executivo do CMAS.<\/p>\n\n\n\n<figure class=\"wp-block-image size-full\"><a href=\"https:\/\/www.paulus.com.br\/assistencia-social\/wp-content\/uploads\/2024\/10\/7162-cuiaba.jpg\"><img loading=\"lazy\" decoding=\"async\" width=\"716\" height=\"444\" src=\"https:\/\/www.paulus.com.br\/assistencia-social\/wp-content\/uploads\/2024\/10\/7162-cuiaba.jpg\" alt=\"\" class=\"wp-image-9131\" srcset=\"https:\/\/www.paulus.com.br\/assistencia-social\/wp-content\/uploads\/2024\/10\/7162-cuiaba.jpg 716w, https:\/\/www.paulus.com.br\/assistencia-social\/wp-content\/uploads\/2024\/10\/7162-cuiaba-300x186.jpg 300w\" sizes=\"auto, (max-width: 716px) 100vw, 716px\" \/><\/a><\/figure>\n\n\n\n<p>O Programa InovaSUAS \u00e9 estruturado na capacita\u00e7\u00e3o e forma\u00e7\u00e3o de lideran\u00e7as e usu\u00e1rios dos servi\u00e7os, programas e projetos da rede socioassistencial e profissionais ligados \u00e0 rede de servi\u00e7os que visam desenvolver seu conhecimento nas mais diversas tem\u00e1ticas do SUAS, com forma\u00e7\u00f5es gratuitas presentes em todo territ\u00f3rio nacional.&nbsp;&nbsp;<\/p>\n\n\n\n<figure class=\"wp-block-image size-full\"><a href=\"https:\/\/www.paulus.com.br\/assistencia-social\/wp-content\/uploads\/2024\/10\/7163-cuiaba.jpg\"><img loading=\"lazy\" decoding=\"async\" width=\"716\" height=\"444\" src=\"https:\/\/www.paulus.com.br\/assistencia-social\/wp-content\/uploads\/2024\/10\/7163-cuiaba.jpg\" alt=\"\" class=\"wp-image-9132\" srcset=\"https:\/\/www.paulus.com.br\/assistencia-social\/wp-content\/uploads\/2024\/10\/7163-cuiaba.jpg 716w, https:\/\/www.paulus.com.br\/assistencia-social\/wp-content\/uploads\/2024\/10\/7163-cuiaba-300x186.jpg 300w\" sizes=\"auto, (max-width: 716px) 100vw, 716px\" \/><\/a><\/figure>\n","protected":false},"featured_media":9127,"template":"","tags":[],"class_list":["post-9126","noticias","type-noticias","status-publish","has-post-thumbnail","hentry"],"acf":[],"_links":{"self":[{"href":"https:\/\/www.paulus.com.br\/assistencia-social\/wp-json\/wp\/v2\/noticias\/9126","targetHints":{"allow":["GET"]}}],"collection":[{"href":"https:\/\/www.paulus.com.br\/assistencia-social\/wp-json\/wp\/v2\/noticias"}],"about":[{"href":"https:\/\/www.paulus.com.br\/assistencia-social\/wp-json\/wp\/v2\/types\/noticias"}],"wp:featuredmedia":[{"embeddable":true,"href":"https:\/\/www.paulus.com.br\/assistencia-social\/wp-json\/wp\/v2\/media\/9127"}],"wp:attachment":[{"href":"https:\/\/www.paulus.com.br\/assistencia-social\/wp-json\/wp\/v2\/media?parent=9126"}],"wp:term":[{"taxonomy":"post_tag","embeddable":true,"href":"https:\/\/www.paulus.com.br\/assistencia-social\/wp-json\/wp\/v2\/tags?post=9126"}],"curies":[{"name":"wp","href":"https:\/\/api.w.org\/{rel}","templated":true}]}}