{"id":9112,"date":"2024-10-03T16:07:15","date_gmt":"2024-10-03T19:07:15","guid":{"rendered":"https:\/\/www.paulus.com.br\/assistencia-social\/?post_type=noticias&#038;p=9112"},"modified":"2024-10-03T16:07:16","modified_gmt":"2024-10-03T19:07:16","slug":"roda-de-conversa-sobre-o-trabalho-infantil","status":"publish","type":"noticias","link":"https:\/\/www.paulus.com.br\/assistencia-social\/noticias\/roda-de-conversa-sobre-o-trabalho-infantil\/","title":{"rendered":"Roda de Conversa sobre o Trabalho Infantil"},"content":{"rendered":"\n<p>No dia 26 de setembro, no Centro PAULUS de Conviv\u00eancia \u2013 Osasco, aconteceu o terceiro de quatro encontros previstos para esse semestre sobre o mundo do trabalho.<\/p>\n\n\n\n<figure class=\"wp-block-image size-full\"><a href=\"https:\/\/www.paulus.com.br\/assistencia-social\/wp-content\/uploads\/2024\/10\/7164combat.jpg\"><img loading=\"lazy\" decoding=\"async\" width=\"716\" height=\"444\" src=\"https:\/\/www.paulus.com.br\/assistencia-social\/wp-content\/uploads\/2024\/10\/7164combat.jpg\" alt=\"\" class=\"wp-image-9116\" srcset=\"https:\/\/www.paulus.com.br\/assistencia-social\/wp-content\/uploads\/2024\/10\/7164combat.jpg 716w, https:\/\/www.paulus.com.br\/assistencia-social\/wp-content\/uploads\/2024\/10\/7164combat-300x186.jpg 300w\" sizes=\"auto, (max-width: 716px) 100vw, 716px\" \/><\/a><\/figure>\n\n\n\n<p><br>A roda de conversa foi mediada pela equipe t\u00e9cnica do Programa de Erradica\u00e7\u00e3o do Trabalho Infantil (PETI), do munic\u00edpio de Osasco. A sensibiliza\u00e7\u00e3o contou com v\u00eddeos, dados a respeito do tralho infantil na cidade e os avan\u00e7os que tivemos no \u00faltimo ano com a amplia\u00e7\u00e3o da equipe t\u00e9cnica do PETI e a continuidade das articula\u00e7\u00f5es com a rede intersetorial e socioassitencial.<\/p>\n\n\n\n<figure class=\"wp-block-image size-full\"><a href=\"https:\/\/www.paulus.com.br\/assistencia-social\/wp-content\/uploads\/2024\/10\/7163combat.jpg\"><img loading=\"lazy\" decoding=\"async\" width=\"716\" height=\"444\" src=\"https:\/\/www.paulus.com.br\/assistencia-social\/wp-content\/uploads\/2024\/10\/7163combat.jpg\" alt=\"\" class=\"wp-image-9117\" srcset=\"https:\/\/www.paulus.com.br\/assistencia-social\/wp-content\/uploads\/2024\/10\/7163combat.jpg 716w, https:\/\/www.paulus.com.br\/assistencia-social\/wp-content\/uploads\/2024\/10\/7163combat-300x186.jpg 300w\" sizes=\"auto, (max-width: 716px) 100vw, 716px\" \/><\/a><\/figure>\n\n\n\n<p><br>A abordagem dial\u00f3gica com as fam\u00edlias dos atendidos no Centro de Conviv\u00eancia foi significativa. Rediscutir, redizer e redefinir outras maneiras de interagir com o territ\u00f3rio ao qual pertencemos, s\u00f3 fortalece a articula\u00e7\u00e3o de servi\u00e7os, programas e projetos do Sistema \u00danico da Assist\u00eancia Social (SUAS), pensando em solu\u00e7\u00f5es para o bem-estar comum.<\/p>\n\n\n\n<figure class=\"wp-block-image size-full\"><a href=\"https:\/\/www.paulus.com.br\/assistencia-social\/wp-content\/uploads\/2024\/10\/7162combat.jpg\"><img loading=\"lazy\" decoding=\"async\" width=\"716\" height=\"444\" src=\"https:\/\/www.paulus.com.br\/assistencia-social\/wp-content\/uploads\/2024\/10\/7162combat.jpg\" alt=\"\" class=\"wp-image-9118\" srcset=\"https:\/\/www.paulus.com.br\/assistencia-social\/wp-content\/uploads\/2024\/10\/7162combat.jpg 716w, https:\/\/www.paulus.com.br\/assistencia-social\/wp-content\/uploads\/2024\/10\/7162combat-300x186.jpg 300w\" sizes=\"auto, (max-width: 716px) 100vw, 716px\" \/><\/a><\/figure>\n\n\n\n<p><br>Por fim, Andreia Santos, do PETI, ensinou como baixar e utilizar o aplicativo 156 para denunciar o trabalho infantil.<\/p>\n\n\n\n<p>Afinal, como bem nos orienta o Art. 4\u00b0 do Estatuto da Crian\u00e7a e do Adolescente:<br>\u00c9 dever da fam\u00edlia, da comunidade, da sociedade em geral e do poder p\u00fablico assegurar, com absoluta prioridade, a efetiva\u00e7\u00e3o dos direitos referentes \u00e0 vida, \u00e0 sa\u00fade, \u00e0 alimenta\u00e7\u00e3o, \u00e0 educa\u00e7\u00e3o, ao esporte, ao lazer, \u00e0 profissionaliza\u00e7\u00e3o, \u00e0 cultura, \u00e0 dignidade, ao respeito, \u00e0 liberdade e \u00e0 conviv\u00eancia familiar e comunit\u00e1ria.<\/p>\n\n\n\n<figure class=\"wp-block-image size-full\"><a href=\"https:\/\/www.paulus.com.br\/assistencia-social\/wp-content\/uploads\/2024\/10\/7161combat.jpg\"><img loading=\"lazy\" decoding=\"async\" width=\"716\" height=\"444\" src=\"https:\/\/www.paulus.com.br\/assistencia-social\/wp-content\/uploads\/2024\/10\/7161combat.jpg\" alt=\"\" class=\"wp-image-9119\" srcset=\"https:\/\/www.paulus.com.br\/assistencia-social\/wp-content\/uploads\/2024\/10\/7161combat.jpg 716w, https:\/\/www.paulus.com.br\/assistencia-social\/wp-content\/uploads\/2024\/10\/7161combat-300x186.jpg 300w\" sizes=\"auto, (max-width: 716px) 100vw, 716px\" \/><\/a><\/figure>\n","protected":false},"featured_media":9113,"template":"","tags":[],"class_list":["post-9112","noticias","type-noticias","status-publish","has-post-thumbnail","hentry"],"acf":[],"_links":{"self":[{"href":"https:\/\/www.paulus.com.br\/assistencia-social\/wp-json\/wp\/v2\/noticias\/9112","targetHints":{"allow":["GET"]}}],"collection":[{"href":"https:\/\/www.paulus.com.br\/assistencia-social\/wp-json\/wp\/v2\/noticias"}],"about":[{"href":"https:\/\/www.paulus.com.br\/assistencia-social\/wp-json\/wp\/v2\/types\/noticias"}],"wp:featuredmedia":[{"embeddable":true,"href":"https:\/\/www.paulus.com.br\/assistencia-social\/wp-json\/wp\/v2\/media\/9113"}],"wp:attachment":[{"href":"https:\/\/www.paulus.com.br\/assistencia-social\/wp-json\/wp\/v2\/media?parent=9112"}],"wp:term":[{"taxonomy":"post_tag","embeddable":true,"href":"https:\/\/www.paulus.com.br\/assistencia-social\/wp-json\/wp\/v2\/tags?post=9112"}],"curies":[{"name":"wp","href":"https:\/\/api.w.org\/{rel}","templated":true}]}}