{"id":9105,"date":"2024-10-03T14:14:05","date_gmt":"2024-10-03T17:14:05","guid":{"rendered":"https:\/\/www.paulus.com.br\/assistencia-social\/?post_type=noticias&#038;p=9105"},"modified":"2024-10-03T14:14:06","modified_gmt":"2024-10-03T17:14:06","slug":"adolescentes-do-centro-paulus-de-convivencia-vila-mariana-expande-horizontes-com-visitas-culturais-e-profissionais-em-setembro","status":"publish","type":"noticias","link":"https:\/\/www.paulus.com.br\/assistencia-social\/noticias\/adolescentes-do-centro-paulus-de-convivencia-vila-mariana-expande-horizontes-com-visitas-culturais-e-profissionais-em-setembro\/","title":{"rendered":"Adolescentes do Centro PAULUS de Conviv\u00eancia Vila Mariana expande horizontes com visitas culturais e profissionais em setembro"},"content":{"rendered":"\n<p>No m\u00eas de setembro, os adolescentes do Centro PAULUS de Conviv\u00eancia \u2013 Vila Mariana tiveram diversas oportunidades de expandir o olhar, para al\u00e9m dos muros do Centro.<\/p>\n\n\n\n<figure class=\"wp-block-image size-full\"><a href=\"https:\/\/www.paulus.com.br\/assistencia-social\/wp-content\/uploads\/2024\/10\/7161visita.jpg\"><img loading=\"lazy\" decoding=\"async\" width=\"716\" height=\"444\" src=\"https:\/\/www.paulus.com.br\/assistencia-social\/wp-content\/uploads\/2024\/10\/7161visita.jpg\" alt=\"\" class=\"wp-image-9108\" srcset=\"https:\/\/www.paulus.com.br\/assistencia-social\/wp-content\/uploads\/2024\/10\/7161visita.jpg 716w, https:\/\/www.paulus.com.br\/assistencia-social\/wp-content\/uploads\/2024\/10\/7161visita-300x186.jpg 300w\" sizes=\"auto, (max-width: 716px) 100vw, 716px\" \/><\/a><\/figure>\n\n\n\n<p>Visando um dos objetivos do servi\u00e7o, a prepara\u00e7\u00e3o para o mundo do trabalho, eles fizeram visitas \u00e0 gr\u00e1fica e ao editorial da PAULUS, dando continuidade ao processo de conhecer o funcionamento de uma editora, iniciado na visita ao marketing, realizada no m\u00eas passado.<\/p>\n\n\n\n<figure class=\"wp-block-image size-full\"><a href=\"https:\/\/www.paulus.com.br\/assistencia-social\/wp-content\/uploads\/2024\/10\/7163visita.jpg\"><img loading=\"lazy\" decoding=\"async\" width=\"716\" height=\"444\" src=\"https:\/\/www.paulus.com.br\/assistencia-social\/wp-content\/uploads\/2024\/10\/7163visita.jpg\" alt=\"\" class=\"wp-image-9110\" srcset=\"https:\/\/www.paulus.com.br\/assistencia-social\/wp-content\/uploads\/2024\/10\/7163visita.jpg 716w, https:\/\/www.paulus.com.br\/assistencia-social\/wp-content\/uploads\/2024\/10\/7163visita-300x186.jpg 300w\" sizes=\"auto, (max-width: 716px) 100vw, 716px\" \/><\/a><\/figure>\n\n\n\n<p>Tamb\u00e9m foram ao Centro Cultural Vila Itoror\u00f3, um conjunto arquitet\u00f4nico constru\u00eddo nos anos de 1920, onde atualmente \u00e9 um espa\u00e7o p\u00fablico e cultural em fase de restauro. L\u00e1 aconteceu uma visita guiada para conhecer a hist\u00f3ria do lugar, al\u00e9m de ter servido para a pr\u00e1tica da fotografia em um cen\u00e1rio bel\u00edssimo.<\/p>\n\n\n\n<figure class=\"wp-block-image size-full\"><a href=\"https:\/\/www.paulus.com.br\/assistencia-social\/wp-content\/uploads\/2024\/10\/7164visita-1.jpg\"><img loading=\"lazy\" decoding=\"async\" width=\"716\" height=\"444\" src=\"https:\/\/www.paulus.com.br\/assistencia-social\/wp-content\/uploads\/2024\/10\/7164visita-1.jpg\" alt=\"\" class=\"wp-image-9109\" srcset=\"https:\/\/www.paulus.com.br\/assistencia-social\/wp-content\/uploads\/2024\/10\/7164visita-1.jpg 716w, https:\/\/www.paulus.com.br\/assistencia-social\/wp-content\/uploads\/2024\/10\/7164visita-1-300x186.jpg 300w\" sizes=\"auto, (max-width: 716px) 100vw, 716px\" \/><\/a><\/figure>\n\n\n\n<p>Por fim, participaram de uma divertida viv\u00eancia esportiva \u201cConhecendo o beisebol\u201d e \u201cEsportes de rebater\u201d, atividades que integraram o Projeto Semana Move 2024, no SESC Vila Mariana.<\/p>\n\n\n\n<p><\/p>\n","protected":false},"featured_media":9106,"template":"","tags":[],"class_list":["post-9105","noticias","type-noticias","status-publish","has-post-thumbnail","hentry"],"acf":[],"_links":{"self":[{"href":"https:\/\/www.paulus.com.br\/assistencia-social\/wp-json\/wp\/v2\/noticias\/9105","targetHints":{"allow":["GET"]}}],"collection":[{"href":"https:\/\/www.paulus.com.br\/assistencia-social\/wp-json\/wp\/v2\/noticias"}],"about":[{"href":"https:\/\/www.paulus.com.br\/assistencia-social\/wp-json\/wp\/v2\/types\/noticias"}],"wp:featuredmedia":[{"embeddable":true,"href":"https:\/\/www.paulus.com.br\/assistencia-social\/wp-json\/wp\/v2\/media\/9106"}],"wp:attachment":[{"href":"https:\/\/www.paulus.com.br\/assistencia-social\/wp-json\/wp\/v2\/media?parent=9105"}],"wp:term":[{"taxonomy":"post_tag","embeddable":true,"href":"https:\/\/www.paulus.com.br\/assistencia-social\/wp-json\/wp\/v2\/tags?post=9105"}],"curies":[{"name":"wp","href":"https:\/\/api.w.org\/{rel}","templated":true}]}}