{"id":9098,"date":"2024-10-03T13:54:52","date_gmt":"2024-10-03T16:54:52","guid":{"rendered":"https:\/\/www.paulus.com.br\/assistencia-social\/?post_type=noticias&#038;p=9098"},"modified":"2024-10-03T13:54:52","modified_gmt":"2024-10-03T16:54:52","slug":"roda-de-conversa-sobre-o-mundo-do-trabalho-no-centro-paulus-de-convivencia-osasco","status":"publish","type":"noticias","link":"https:\/\/www.paulus.com.br\/assistencia-social\/noticias\/roda-de-conversa-sobre-o-mundo-do-trabalho-no-centro-paulus-de-convivencia-osasco\/","title":{"rendered":"Roda de Conversa sobre o Mundo do Trabalho no Centro PAULUS de Conviv\u00eancia &#8211; Osasco"},"content":{"rendered":"\n<p>No dia 12 de setembro, no Centro PAULUS de Conviv\u00eancia \u2013 Osasco, aconteceu o segundo de quatro encontros previstos para esse semestre sobre o mundo do trabalho.<\/p>\n\n\n\n<figure class=\"wp-block-image size-full\"><a href=\"https:\/\/www.paulus.com.br\/assistencia-social\/wp-content\/uploads\/2024\/10\/7164osasco-mundo-do-trabalho-1.jpg\"><img loading=\"lazy\" decoding=\"async\" width=\"716\" height=\"444\" src=\"https:\/\/www.paulus.com.br\/assistencia-social\/wp-content\/uploads\/2024\/10\/7164osasco-mundo-do-trabalho-1.jpg\" alt=\"\" class=\"wp-image-9101\" srcset=\"https:\/\/www.paulus.com.br\/assistencia-social\/wp-content\/uploads\/2024\/10\/7164osasco-mundo-do-trabalho-1.jpg 716w, https:\/\/www.paulus.com.br\/assistencia-social\/wp-content\/uploads\/2024\/10\/7164osasco-mundo-do-trabalho-1-300x186.jpg 300w\" sizes=\"auto, (max-width: 716px) 100vw, 716px\" \/><\/a><\/figure>\n\n\n\n<p>A roda de conversa foi mediada pela Supervisora do Centro PAULUS de Conviv\u00eancia &#8211; Vila Mariana, Anna Thereza, que conversou com as fam\u00edlias a respeito do trabalho enquanto estruturador de identidade social, ao diferenciar trabalho (atividade humana) de emprego (assalariado), relacionando assim o conhecimento e a atividade produtiva.<\/p>\n\n\n\n<figure class=\"wp-block-image size-full\"><a href=\"https:\/\/www.paulus.com.br\/assistencia-social\/wp-content\/uploads\/2024\/10\/7161osasco-mundo-do-trabalho-1.jpg\"><img loading=\"lazy\" decoding=\"async\" width=\"716\" height=\"444\" src=\"https:\/\/www.paulus.com.br\/assistencia-social\/wp-content\/uploads\/2024\/10\/7161osasco-mundo-do-trabalho-1.jpg\" alt=\"\" class=\"wp-image-9102\" srcset=\"https:\/\/www.paulus.com.br\/assistencia-social\/wp-content\/uploads\/2024\/10\/7161osasco-mundo-do-trabalho-1.jpg 716w, https:\/\/www.paulus.com.br\/assistencia-social\/wp-content\/uploads\/2024\/10\/7161osasco-mundo-do-trabalho-1-300x186.jpg 300w\" sizes=\"auto, (max-width: 716px) 100vw, 716px\" \/><\/a><\/figure>\n\n\n\n<p><br>Na sequ\u00eancia, Anna discorreu sobre o que a educa\u00e7\u00e3o tem a ver com o trabalho e os benef\u00edcios de estudar. Por fim, divulgou a prepara\u00e7\u00e3o para o Mundo do Trabalho para jovens e adolescentes de 15 a 21 anos que acontece no Centro PAULUS de Conviv\u00eancia da Vila Mariana.<br>A participa\u00e7\u00e3o das fam\u00edlias foi sublime, aguardamos com entusiasmo os pr\u00f3ximos encontros.<\/p>\n\n\n\n<figure class=\"wp-block-image size-full\"><a href=\"https:\/\/www.paulus.com.br\/assistencia-social\/wp-content\/uploads\/2024\/10\/7162osasco-mundo-do-trabalho-1.jpg\"><img loading=\"lazy\" decoding=\"async\" width=\"716\" height=\"444\" src=\"https:\/\/www.paulus.com.br\/assistencia-social\/wp-content\/uploads\/2024\/10\/7162osasco-mundo-do-trabalho-1.jpg\" alt=\"\" class=\"wp-image-9103\" srcset=\"https:\/\/www.paulus.com.br\/assistencia-social\/wp-content\/uploads\/2024\/10\/7162osasco-mundo-do-trabalho-1.jpg 716w, https:\/\/www.paulus.com.br\/assistencia-social\/wp-content\/uploads\/2024\/10\/7162osasco-mundo-do-trabalho-1-300x186.jpg 300w\" sizes=\"auto, (max-width: 716px) 100vw, 716px\" \/><\/a><\/figure>\n","protected":false},"featured_media":9099,"template":"","tags":[],"class_list":["post-9098","noticias","type-noticias","status-publish","has-post-thumbnail","hentry"],"acf":[],"_links":{"self":[{"href":"https:\/\/www.paulus.com.br\/assistencia-social\/wp-json\/wp\/v2\/noticias\/9098","targetHints":{"allow":["GET"]}}],"collection":[{"href":"https:\/\/www.paulus.com.br\/assistencia-social\/wp-json\/wp\/v2\/noticias"}],"about":[{"href":"https:\/\/www.paulus.com.br\/assistencia-social\/wp-json\/wp\/v2\/types\/noticias"}],"wp:featuredmedia":[{"embeddable":true,"href":"https:\/\/www.paulus.com.br\/assistencia-social\/wp-json\/wp\/v2\/media\/9099"}],"wp:attachment":[{"href":"https:\/\/www.paulus.com.br\/assistencia-social\/wp-json\/wp\/v2\/media?parent=9098"}],"wp:term":[{"taxonomy":"post_tag","embeddable":true,"href":"https:\/\/www.paulus.com.br\/assistencia-social\/wp-json\/wp\/v2\/tags?post=9098"}],"curies":[{"name":"wp","href":"https:\/\/api.w.org\/{rel}","templated":true}]}}