{"id":9093,"date":"2024-10-02T16:20:48","date_gmt":"2024-10-02T19:20:48","guid":{"rendered":"https:\/\/www.paulus.com.br\/assistencia-social\/?post_type=noticias&#038;p=9093"},"modified":"2024-10-02T16:20:49","modified_gmt":"2024-10-02T19:20:49","slug":"proficua-parceria-entre-paulus-social-e-o-estado-da-paraiba","status":"publish","type":"noticias","link":"https:\/\/www.paulus.com.br\/assistencia-social\/noticias\/proficua-parceria-entre-paulus-social-e-o-estado-da-paraiba\/","title":{"rendered":"Prof\u00edcua parceria entre PAULUS Social e o estado da Para\u00edba"},"content":{"rendered":"\n<p>Nos dias 18 e 19 de setembro, a capital paraibana acolheu a forma\u00e7\u00e3o intitulada \u201cO Controle Social na Efetiva\u00e7\u00e3o do SUAS\u201d, concluindo o circuito formativo de 2024, correspondente a um total de 7 forma\u00e7\u00f5es ao longo do ano corrente. Trata-se de uma crescente parceria entre a PAULUS Social e o Movimento Nacional de Meninos e Meninas de Rua da Para\u00edba (MNMMRPB), que est\u00e1 se intensificando, atraindo novos parceiros, como o Conselho Estadual de Assist\u00eancia Social (CEAS\/PB), na \u00e2nsia de alcan\u00e7ar e capacitar cada vez mais trabalhadores do Sistema \u00danico da Assist\u00eancia Social (SUAS).<\/p>\n\n\n\n<p>O processo formativo foi conduzido pela Doutora Silvia Ferreira, p\u00f3s-doutoranda em Servi\u00e7o Social pela UFPB Jo\u00e3o Pessoa\/PB, e aconteceu na Funda\u00e7\u00e3o Espa\u00e7o Cultural (FUNESC), em Jo\u00e3o Pessoa, com apoio integral da Livraria PAULUS local.<\/p>\n\n\n\n<p>No discorrer da tem\u00e1tica, foi enfatizada as diferentes formas e espa\u00e7os existentes para que a sociedade possa acompanhar e interferir nas decis\u00f5es do poder p\u00fablico, seja apontando suas necessidades, seja avaliando a forma como os governos est\u00e3o assegurando seus direitos, e ainda, como utiliza os recursos financeiros destinados \u00e0s a\u00e7\u00f5es a que se prop\u00f5e. Destacando que o conselho \u00e9 o caminho para efetiva\u00e7\u00e3o desta participa\u00e7\u00e3o social, um local onde a sociedade civil organizada se aproxima e pode contribuir com a gest\u00e3o da pol\u00edtica de assist\u00eancia social.<\/p>\n\n\n\n<p>Em suma, o Controle Social, atrav\u00e9s dos Conselhos Municipal, Estadual e Nacional de Assist\u00eancia Social, \u00e9 o parceiro dos gestores na efetiva\u00e7\u00e3o e na consolida\u00e7\u00e3o do Sistema \u00danico de Assist\u00eancia Social.<\/p>\n\n\n\n<p>Em conformidade com o preconizado pelo Programa de Assessoramento da PAULUS Social, esteve representando a institui\u00e7\u00e3o \u00c9rica Souto \u2013 analista social do programa \u2013 objetivando contextualizar a oferta na pol\u00edtica p\u00fablica de assist\u00eancia social, acolher os participantes e garantir suporte presente e dispon\u00edvel. Tamb\u00e9m zelando pelo bom andamento da atividade estava a representante do MNMMRPB: Maria do Socorro Carvalho, bem como a equipe do CEAS, na pessoa de sua presidente Francisca Vieira e o corpo de secret\u00e1rias do respectivo \u00f3rg\u00e3o.<\/p>\n\n\n\n<p>Esta forma\u00e7\u00e3o comp\u00f5e o Programa InovaSUAS, e conta com uma carga hor\u00e1ria de 16 horas, distribu\u00eddas igualitariamente em dois dias consecutivos. Conforme sinalizado no plano de forma\u00e7\u00e3o, a facilitadora intercalou conte\u00fado expositivo, dialogado e pr\u00e1tico, culminando no debate sobre o tema atual: Consulta P\u00fablica para atualiza\u00e7\u00e3o da Resolu\u00e7\u00e3o CNAS n\u00ba 27\/2011, gerando documento coletivo com contribui\u00e7\u00f5es sobre o assunto em voga, e juntado ao processo.<\/p>\n\n\n\n<p>O Programa InovaSUAS \u00e9 estruturado na capacita\u00e7\u00e3o e forma\u00e7\u00e3o de lideran\u00e7as e usu\u00e1rios dos servi\u00e7os, programas e projetos da rede socioassistencial e profissionais ligados \u00e0 rede de servi\u00e7os que visam desenvolver seu conhecimento nas mais diversas tem\u00e1ticas do SUAS, com forma\u00e7\u00f5es gratuitas presentes em todo territ\u00f3rio nacional.&nbsp;<\/p>\n","protected":false},"featured_media":9094,"template":"","tags":[],"class_list":["post-9093","noticias","type-noticias","status-publish","has-post-thumbnail","hentry"],"acf":[],"_links":{"self":[{"href":"https:\/\/www.paulus.com.br\/assistencia-social\/wp-json\/wp\/v2\/noticias\/9093","targetHints":{"allow":["GET"]}}],"collection":[{"href":"https:\/\/www.paulus.com.br\/assistencia-social\/wp-json\/wp\/v2\/noticias"}],"about":[{"href":"https:\/\/www.paulus.com.br\/assistencia-social\/wp-json\/wp\/v2\/types\/noticias"}],"wp:featuredmedia":[{"embeddable":true,"href":"https:\/\/www.paulus.com.br\/assistencia-social\/wp-json\/wp\/v2\/media\/9094"}],"wp:attachment":[{"href":"https:\/\/www.paulus.com.br\/assistencia-social\/wp-json\/wp\/v2\/media?parent=9093"}],"wp:term":[{"taxonomy":"post_tag","embeddable":true,"href":"https:\/\/www.paulus.com.br\/assistencia-social\/wp-json\/wp\/v2\/tags?post=9093"}],"curies":[{"name":"wp","href":"https:\/\/api.w.org\/{rel}","templated":true}]}}