{"id":9086,"date":"2024-10-02T10:00:17","date_gmt":"2024-10-02T13:00:17","guid":{"rendered":"https:\/\/www.paulus.com.br\/assistencia-social\/?post_type=noticias&#038;p=9086"},"modified":"2024-10-02T10:00:18","modified_gmt":"2024-10-02T13:00:18","slug":"programa-inovasuas-da-sequencia-ao-ciclo-formativo-sobre-scfv","status":"publish","type":"noticias","link":"https:\/\/www.paulus.com.br\/assistencia-social\/noticias\/programa-inovasuas-da-sequencia-ao-ciclo-formativo-sobre-scfv\/","title":{"rendered":"Programa InovaSUAS d\u00e1 sequ\u00eancia ao ciclo formativo sobre SCFV"},"content":{"rendered":"\n<p>A PAULUS Social, em parceria com a Secretaria Municipal de Desenvolvimento e de Assist\u00eancia Social de Campinas- SP, realizou nos dias 24 e 25 de setembro a forma\u00e7\u00e3o \u201cReordenamento dos Servi\u00e7os de Conviv\u00eancia e Fortalecimento de V\u00ednculos\u201d, por meio do Programa InovaSUAS. O encontro aconteceu no audit\u00f3rio da Livraria PAULUS de Campinas.<\/p>\n\n\n\n<p>A forma\u00e7\u00e3o teve como objetivo contribuir para o reordenamento dos Servi\u00e7os de Conviv\u00eancia e Fortalecimento de V\u00ednculos, denominados no munic\u00edpio como Centros de Conviv\u00eancia inclusivos e intergeracionais (CCII). O munic\u00edpio \u00e9 parceiro da PAULUS Social h\u00e1 alguns anos e, por meio da Secretaria vem desenvolvendo adequa\u00e7\u00f5es conforme as demandas que surgem durante os processos formativos. A media\u00e7\u00e3o foi conduzida por Samara Xavier, historiadora pela UNESP e mestre em Servi\u00e7o Social pela PUC. Samara \u00e9 professora de gradua\u00e7\u00e3o e p\u00f3s-gradua\u00e7\u00e3o, al\u00e9m de consultora e formadora em tem\u00e1ticas relacionadas ao SUAS.<\/p>\n\n\n\n<p>O encontro qualificou 90 trabalhadores do SUAS da cidade, entre eles coordenadores de SCFV da rede parceira, coordenadores de Centros de Refer\u00eancia de Assist\u00eancia Social (CRAS) e dos Distritos de Assist\u00eancia Social (DAS), divididos em dois grupos, com uma carga hor\u00e1ria de 8h cada, totalizando 16h de forma\u00e7\u00e3o. Os participantes tiveram a oportunidade de aprofundar seus conhecimentos sobre as resolu\u00e7\u00f5es e normativas que orientam o funcionamento dos SCFV, bem como debater sobre instrumentais e metas.<\/p>\n\n\n\n<p>Como representante do Assessoramento da PAULUS Social, esteve presente a analista Anna Caroline Gama, especialista em Servi\u00e7o social e Pol\u00edticas P\u00fablicas, que atuou diretamente na organiza\u00e7\u00e3o da forma\u00e7\u00e3o em parceria com a Secretaria e prestou suporte t\u00e9cnico \u00e0 formadora, garantindo que o conte\u00fado estivesse alinhado com as diretrizes da PAULUS, al\u00e9m de oferecer &nbsp;todo o suporte para que os participantes estivessem em um ambiente acolhedor e prop\u00edcio ao di\u00e1logo.&nbsp;&nbsp;&nbsp;&nbsp;&nbsp;&nbsp;&nbsp;&nbsp;&nbsp;&nbsp;&nbsp;&nbsp;&nbsp;&nbsp;&nbsp;<\/p>\n\n\n\n<p>Os dois encontros proporcionaram aos participantes uma melhor compreens\u00e3o sobre a Pol\u00edtica de Assist\u00eancia Social, a ressignifica\u00e7\u00e3o do trabalho prestado aos usu\u00e1rios e o reconhecimento da equipe como parte fundamental para o realinhamento da pr\u00e1tica. Como consequ\u00eancia, os participantes poder\u00e3o oferecer aos usu\u00e1rios um atendimento de qualidade, pautado nos direitos do cidad\u00e3o.<\/p>\n\n\n\n<p>O Programa InovaSUAS \u00e9 estruturado na capacita\u00e7\u00e3o e forma\u00e7\u00e3o de lideran\u00e7as e usu\u00e1rios dos servi\u00e7os, programas e projetos da rede socioassistencial e profissionais ligados \u00e0 rede de servi\u00e7os que visam desenvolver seu conhecimento nas mais diversas tem\u00e1ticas do SUAS, com forma\u00e7\u00f5es gratuitas presentes em todo territ\u00f3rio nacional.<\/p>\n","protected":false},"featured_media":9087,"template":"","tags":[],"class_list":["post-9086","noticias","type-noticias","status-publish","has-post-thumbnail","hentry"],"acf":[],"_links":{"self":[{"href":"https:\/\/www.paulus.com.br\/assistencia-social\/wp-json\/wp\/v2\/noticias\/9086","targetHints":{"allow":["GET"]}}],"collection":[{"href":"https:\/\/www.paulus.com.br\/assistencia-social\/wp-json\/wp\/v2\/noticias"}],"about":[{"href":"https:\/\/www.paulus.com.br\/assistencia-social\/wp-json\/wp\/v2\/types\/noticias"}],"wp:featuredmedia":[{"embeddable":true,"href":"https:\/\/www.paulus.com.br\/assistencia-social\/wp-json\/wp\/v2\/media\/9087"}],"wp:attachment":[{"href":"https:\/\/www.paulus.com.br\/assistencia-social\/wp-json\/wp\/v2\/media?parent=9086"}],"wp:term":[{"taxonomy":"post_tag","embeddable":true,"href":"https:\/\/www.paulus.com.br\/assistencia-social\/wp-json\/wp\/v2\/tags?post=9086"}],"curies":[{"name":"wp","href":"https:\/\/api.w.org\/{rel}","templated":true}]}}