{"id":9078,"date":"2024-09-25T14:01:34","date_gmt":"2024-09-25T17:01:34","guid":{"rendered":"https:\/\/www.paulus.com.br\/assistencia-social\/?post_type=noticias&#038;p=9078"},"modified":"2024-09-25T14:01:35","modified_gmt":"2024-09-25T17:01:35","slug":"trabalhadoresas-de-joao-pessoa-pb-recebem-formacao-do-programa-direito-e-cidadania","status":"publish","type":"noticias","link":"https:\/\/www.paulus.com.br\/assistencia-social\/noticias\/trabalhadoresas-de-joao-pessoa-pb-recebem-formacao-do-programa-direito-e-cidadania\/","title":{"rendered":"Trabalhadores(as) de Jo\u00e3o Pessoa-PB recebem forma\u00e7\u00e3o do Programa Direito e Cidadania"},"content":{"rendered":"\n<p>Durante os dias 11 e 12 de setembro, a cidade de Jo\u00e3o Pessoa\/PB, em parceria com o Movimento Nacional de Meninos e Meninas de Rua (MNMMR), recebeu mais uma atividade formativa do Programa Direito e Cidadania (PDEC), que contou com a participa\u00e7\u00e3o de trabalhadores(as) dos Servi\u00e7os de Conviv\u00eancia e Fortalecimento de V\u00ednculos (SCFV) de 12 cidades&nbsp;do&nbsp;entorno.<\/p>\n\n\n\n<p>A forma\u00e7\u00e3o aconteceu na Escola de Servi\u00e7o P\u00fablico do Estado da Para\u00edba (ESPEP), localizada no bairro de Mangabeira, local que acolheu os participantes durante as 16 horas de forma\u00e7\u00e3o, distribu\u00eddas em dois dias de encontros. Durante esses encontros, os participantes, provocados pelas tem\u00e1ticas trazidas pelo facilitador C\u00e9lio, criaram um debate e di\u00e1logo ricos e salutares para as pr\u00e1ticas cotidianas no trabalho dos SCFV.<\/p>\n\n\n\n<p>C\u00e9lio Vanderlei Moraes \u00e9 psic\u00f3logo de forma\u00e7\u00e3o e mestre em sociologia pol\u00edtica; j\u00e1 atuou como consultor do Minist\u00e9rio do Desenvolvimento Social (MDS) e do Conselho Nacional da Assist\u00eancia&nbsp;Social&nbsp;(CNAS).<\/p>\n\n\n\n<p>A forma\u00e7\u00e3o criou estrat\u00e9gias que subsidiaram os trabalhadores(as) dos SCFV na cria\u00e7\u00e3o de atividades de percursos com intencionalidade e clareza nos objetivos, dando aten\u00e7\u00e3o especial \u00e0 articula\u00e7\u00e3o de forma intersetorial e, principalmente, comunit\u00e1ria, proporcionando ao educador\/orientador socioeducativo melhores e maiores condi\u00e7\u00f5es de envolvimento do territ\u00f3rio no planejamento e desenvolvimento das a\u00e7\u00f5es.<\/p>\n\n\n\n<p>Os livros do kit do PDEC utilizados para o desenvolvimento de tal atividade foram: \u201cAs Ruas da Vila Esperan\u00e7a\u201d, de Manoel Filho, e \u201cMais um prato para Pedrinho\u201d, de Carlos Ferrari, que possibilitaram uma breve, por\u00e9m cuidadosa, an\u00e1lise, discuss\u00e3o e apresenta\u00e7\u00e3o de propostas de aplica\u00e7\u00e3o dos temas e seus desdobramentos na fam\u00edlia e na comunidade. Todos os presentes receberam o kit contendo todos os livros do programa&nbsp;para&nbsp;2024.<\/p>\n\n\n\n<p>O Programa Direito e Cidadania \u00e9 estruturado para requalificar a atua\u00e7\u00e3o de trabalhadores de Servi\u00e7os de Conviv\u00eancia e Fortalecimento de V\u00ednculos &#8211; SCFV, tendo como elemento facilitador o kit de livros da PAULUS, exclusivamente elaborado para esta finalidade.<\/p>\n","protected":false},"featured_media":9079,"template":"","tags":[],"class_list":["post-9078","noticias","type-noticias","status-publish","has-post-thumbnail","hentry"],"acf":[],"_links":{"self":[{"href":"https:\/\/www.paulus.com.br\/assistencia-social\/wp-json\/wp\/v2\/noticias\/9078","targetHints":{"allow":["GET"]}}],"collection":[{"href":"https:\/\/www.paulus.com.br\/assistencia-social\/wp-json\/wp\/v2\/noticias"}],"about":[{"href":"https:\/\/www.paulus.com.br\/assistencia-social\/wp-json\/wp\/v2\/types\/noticias"}],"wp:featuredmedia":[{"embeddable":true,"href":"https:\/\/www.paulus.com.br\/assistencia-social\/wp-json\/wp\/v2\/media\/9079"}],"wp:attachment":[{"href":"https:\/\/www.paulus.com.br\/assistencia-social\/wp-json\/wp\/v2\/media?parent=9078"}],"wp:term":[{"taxonomy":"post_tag","embeddable":true,"href":"https:\/\/www.paulus.com.br\/assistencia-social\/wp-json\/wp\/v2\/tags?post=9078"}],"curies":[{"name":"wp","href":"https:\/\/api.w.org\/{rel}","templated":true}]}}