{"id":9063,"date":"2024-09-18T10:18:58","date_gmt":"2024-09-18T13:18:58","guid":{"rendered":"https:\/\/www.paulus.com.br\/assistencia-social\/?post_type=noticias&#038;p=9063"},"modified":"2024-09-18T10:18:59","modified_gmt":"2024-09-18T13:18:59","slug":"conclusao-do-ciclo-de-formacoes-paulus-social-planejamento-das-acoes-do-scfv-em-parceria-com-a-esfosuas-pe","status":"publish","type":"noticias","link":"https:\/\/www.paulus.com.br\/assistencia-social\/noticias\/conclusao-do-ciclo-de-formacoes-paulus-social-planejamento-das-acoes-do-scfv-em-parceria-com-a-esfosuas-pe\/","title":{"rendered":"Conclus\u00e3o do ciclo de forma\u00e7\u00f5es PAULUS Social: planejamento das a\u00e7\u00f5es do SCFV em parceria com a ESFOSUAS-PE"},"content":{"rendered":"\n<p>Nos dias 11 e 12 de setembro, a PAULUS Social conclui o ciclo de forma\u00e7\u00f5es realizadas em parceria com a Escola de Forma\u00e7\u00e3o dos Trabalhadores do SUAS de Pernambuco (ESFOSUAS\/PE), em 2024. Neste contexto, foi realizada a forma\u00e7\u00e3o \u201cPlanejamento das a\u00e7\u00f5es do SCFV\u201d para trabalhadores de Servi\u00e7o de Conviv\u00eancia e Fortalecimento de V\u00ednculos (SCFV) de diversos munic\u00edpios.<\/p>\n\n\n\n<p>O processo formativo aconteceu na PAULUS livraria, que ofereceu toda a infraestrutura e suporte necess\u00e1rios, incluindo o servi\u00e7o de coffee-acolhida. A forma\u00e7\u00e3o foi conduzida por Silvia Ferreira, assistente social e pedagoga, e p\u00f3s-doutoranda em Servi\u00e7o Social pela UFPB Jo\u00e3o Pessoa\/PB. O conte\u00fado abrangeu desde os marcos legais do SUAS at\u00e9 a abordagem espec\u00edfica da tem\u00e1tica proposta, o que permitiu uma participa\u00e7\u00e3o ativa e proveitosa dos presentes.<\/p>\n\n\n\n<p>Como caracter\u00edstica das atividades desenvolvidas pelo Programa de Assessoramento da PAULUS Social, estiveram representando a institui\u00e7\u00e3o: Mira Lopes, supervisora do programa e \u00c9rica Souto, analista social do programa; tamb\u00e9m zelando pelo bom andamento da atividade estavam as representantes da ESFOSUAS: Virginia Airola e K\u00e1tia Barbalho.<\/p>\n\n\n\n<p>A forma\u00e7\u00e3o, que faz parte do Programa InovaSUAS, teve uma carga hor\u00e1ria total de 16 horas formativas. O planejamento foi apresentado e refletido em suas nuances organizativas do ponto de vista burocr\u00e1tico, bem como do ponto de vista pedag\u00f3gico. Considerando aspectos inerentes a cada cargo e fun\u00e7\u00e3o dos trabalhadores do SCFV.<\/p>\n\n\n\n<p>O Programa InovaSUAS \u00e9 estruturado na capacita\u00e7\u00e3o e forma\u00e7\u00e3o de lideran\u00e7as e usu\u00e1rios dos servi\u00e7os, programas e projetos da rede socioassistencial e profissionais ligados \u00e0 rede de servi\u00e7os que visam desenvolver seu conhecimento nas mais diversas tem\u00e1ticas do SUAS, com forma\u00e7\u00f5es gratuitas presentes em todo o territ\u00f3rio nacional.<\/p>\n","protected":false},"featured_media":9064,"template":"","tags":[],"class_list":["post-9063","noticias","type-noticias","status-publish","has-post-thumbnail","hentry"],"acf":[],"_links":{"self":[{"href":"https:\/\/www.paulus.com.br\/assistencia-social\/wp-json\/wp\/v2\/noticias\/9063","targetHints":{"allow":["GET"]}}],"collection":[{"href":"https:\/\/www.paulus.com.br\/assistencia-social\/wp-json\/wp\/v2\/noticias"}],"about":[{"href":"https:\/\/www.paulus.com.br\/assistencia-social\/wp-json\/wp\/v2\/types\/noticias"}],"wp:featuredmedia":[{"embeddable":true,"href":"https:\/\/www.paulus.com.br\/assistencia-social\/wp-json\/wp\/v2\/media\/9064"}],"wp:attachment":[{"href":"https:\/\/www.paulus.com.br\/assistencia-social\/wp-json\/wp\/v2\/media?parent=9063"}],"wp:term":[{"taxonomy":"post_tag","embeddable":true,"href":"https:\/\/www.paulus.com.br\/assistencia-social\/wp-json\/wp\/v2\/tags?post=9063"}],"curies":[{"name":"wp","href":"https:\/\/api.w.org\/{rel}","templated":true}]}}