{"id":9053,"date":"2024-09-17T11:50:25","date_gmt":"2024-09-17T14:50:25","guid":{"rendered":"https:\/\/www.paulus.com.br\/assistencia-social\/?post_type=noticias&#038;p=9053"},"modified":"2024-09-17T11:50:26","modified_gmt":"2024-09-17T14:50:26","slug":"belem-pa-recebe-formacao-do-programa-direito-e-cidadania","status":"publish","type":"noticias","link":"https:\/\/www.paulus.com.br\/assistencia-social\/noticias\/belem-pa-recebe-formacao-do-programa-direito-e-cidadania\/","title":{"rendered":"Bel\u00e9m-PA recebe forma\u00e7\u00e3o do Programa Direito e Cidadania"},"content":{"rendered":"\n<p>Durante os dias 03 e 04 de setembro, aconteceu na cidade de Bel\u00e9m\/PA em parceria com a Funda\u00e7\u00e3o Papa Jo\u00e3o XXIII (FUNPAPA), mais uma atividade formativa destinada aos educadores sociais de Servi\u00e7o de Conviv\u00eancia e Fortalecimento de V\u00ednculo (SCFV), oportunidade na qual os (as) trabalhadores(as) puderam dialogar a organiza\u00e7\u00e3o e as pr\u00e1ticas cotidianas nos servi\u00e7os.<\/p>\n\n\n\n<p>A forma\u00e7\u00e3o aconteceu na PAULUS livraria, localizada na rua Vinte e Oito de Setembro, 61 em Campina\/Centro e contou com a participa\u00e7\u00e3o de 61 trabalhadores, que atuam na execu\u00e7\u00e3o dos SCFV da rede direta da FUNPAPA, e que durante as 16 horas de forma\u00e7\u00e3o, dividida em dois dias de encontros, tiveram a oportunidade de estabelecer di\u00e1logo&nbsp; amplo e enriquecedor, mediado pela profissional Neila Soledade.<\/p>\n\n\n\n<p>Neila \u00e9 assistente social com P\u00f3s-gradua\u00e7\u00e3o em Gest\u00e3o P\u00fablica, j\u00e1 foi coordenadora estadual do Programa Primeira Inf\u00e2ncia no SUAS na Bahia, al\u00e9m de ser produtora e disseminadora de conte\u00fados voltados para a assist\u00eancia social.<\/p>\n\n\n\n<p>Todos os presentes receberam o kit de livros do Programa Direito e Cidadania, que, em 2024, conta com os seguintes t\u00edtulos: \u201cAs Ruas de Vila Esperan\u00e7a\u201d, \u201cO C\u00e9u do Sert\u00e3o \u00e9 Seu\u201d, \u201cPor Onde Andar\u00e1 Andiara\u201d, \u201cVida\u201d e \u201cMais um Prato para Pedrinho\u201d.<\/p>\n\n\n\n<p>Ap\u00f3s breve, por\u00e9m consistente contextualiza\u00e7\u00e3o sobre o Servi\u00e7o de Conviv\u00eancia e Fortalecimento de V\u00ednculos na assist\u00eancia social, a formadora utilizou o livro: \u201cAs Ruas da Vila Esperan\u00e7a\u201d, de Manoel Filho, para introduzir discuss\u00f5es sobre o cotidiano do trabalho e elabora\u00e7\u00e3o de percursos formativos nos servi\u00e7os. Este contexto pr\u00e9vio costurado pela leitura coletiva do livro proporcionou momentos de muita troca e constru\u00e7\u00e3o coletiva, onde al\u00e9m das discuss\u00f5es sobre elabora\u00e7\u00e3o de percursos, puderam refletir sobre as possibilidades e a import\u00e2ncia da articula\u00e7\u00e3o territorial.<\/p>\n\n\n\n<p>O Programa Direito e Cidadania \u00e9 estruturado para requalificar a atua\u00e7\u00e3o de trabalhadores de Servi\u00e7os de Conviv\u00eancia e Fortalecimento de V\u00ednculos &#8211; SCFV, tendo como elemento facilitador o kit de livros da PAULUS, exclusivamente elaborado para esta finalidade.<\/p>\n","protected":false},"featured_media":9054,"template":"","tags":[],"class_list":["post-9053","noticias","type-noticias","status-publish","has-post-thumbnail","hentry"],"acf":[],"_links":{"self":[{"href":"https:\/\/www.paulus.com.br\/assistencia-social\/wp-json\/wp\/v2\/noticias\/9053","targetHints":{"allow":["GET"]}}],"collection":[{"href":"https:\/\/www.paulus.com.br\/assistencia-social\/wp-json\/wp\/v2\/noticias"}],"about":[{"href":"https:\/\/www.paulus.com.br\/assistencia-social\/wp-json\/wp\/v2\/types\/noticias"}],"wp:featuredmedia":[{"embeddable":true,"href":"https:\/\/www.paulus.com.br\/assistencia-social\/wp-json\/wp\/v2\/media\/9054"}],"wp:attachment":[{"href":"https:\/\/www.paulus.com.br\/assistencia-social\/wp-json\/wp\/v2\/media?parent=9053"}],"wp:term":[{"taxonomy":"post_tag","embeddable":true,"href":"https:\/\/www.paulus.com.br\/assistencia-social\/wp-json\/wp\/v2\/tags?post=9053"}],"curies":[{"name":"wp","href":"https:\/\/api.w.org\/{rel}","templated":true}]}}