{"id":9037,"date":"2024-09-10T10:41:52","date_gmt":"2024-09-10T13:41:52","guid":{"rendered":"https:\/\/www.paulus.com.br\/assistencia-social\/?post_type=noticias&#038;p=9037"},"modified":"2024-09-10T10:41:53","modified_gmt":"2024-09-10T13:41:53","slug":"programa-direito-e-cidadania-encerra-atividades-da-paulus-social-no-municipio-de-fortaleza-ce-em-2024","status":"publish","type":"noticias","link":"https:\/\/www.paulus.com.br\/assistencia-social\/noticias\/programa-direito-e-cidadania-encerra-atividades-da-paulus-social-no-municipio-de-fortaleza-ce-em-2024\/","title":{"rendered":"Programa Direito e Cidadania encerra atividades da PAULUS Social no munic\u00edpio de Fortaleza\/CE em 2024"},"content":{"rendered":"\n<p>A livraria da PAULUS de Fortaleza sediou, em mais uma oportunidade, o processo formativo \u201cServi\u00e7o de Conviv\u00eancia e Fortalecimento de V\u00ednculos \u2013 Organiza\u00e7\u00e3o e Pr\u00e1tica Cotidiana\u201d nos dias 03 e 04 de setembro. A atividade foi realizada em parceria com o Conselho Municipal de Assist\u00eancia Social \u2013 CMAS e se desenvolveu com 16 horas formativas, contando com expressiva participa\u00e7\u00e3o de educadores sociais dos SCFV, tanto de execu\u00e7\u00e3o direta quanto indireta.<\/p>\n\n\n\n<figure class=\"wp-block-image size-full\"><a href=\"https:\/\/www.paulus.com.br\/assistencia-social\/wp-content\/uploads\/2024\/09\/7165org.jpg\"><img loading=\"lazy\" decoding=\"async\" width=\"716\" height=\"444\" src=\"https:\/\/www.paulus.com.br\/assistencia-social\/wp-content\/uploads\/2024\/09\/7165org.jpg\" alt=\"\" class=\"wp-image-9040\" srcset=\"https:\/\/www.paulus.com.br\/assistencia-social\/wp-content\/uploads\/2024\/09\/7165org.jpg 716w, https:\/\/www.paulus.com.br\/assistencia-social\/wp-content\/uploads\/2024\/09\/7165org-300x186.jpg 300w\" sizes=\"auto, (max-width: 716px) 100vw, 716px\" \/><\/a><\/figure>\n\n\n\n<p>Como \u00e9 habitual em todos os percursos formativos ofertados pela PAULUS Social, pela oportunidade, esteve representando a institui\u00e7\u00e3o Mira Lopes \u2013 supervisora do programa de assessoramento \u2013 no sentido de contextualizar a oferta no \u00e2mbito da pol\u00edtica p\u00fablica de assist\u00eancia social, acolher os participantes e acompanhar o bom andamento da atividade. Tamb\u00e9m estiveram presentes representantes do CMAS, incluindo Marcela Barroso, secret\u00e1ria executiva desta inst\u00e2ncia de controle.<\/p>\n\n\n\n<figure class=\"wp-block-image size-full\"><a href=\"https:\/\/www.paulus.com.br\/assistencia-social\/wp-content\/uploads\/2024\/09\/7163org.jpg\"><img loading=\"lazy\" decoding=\"async\" width=\"716\" height=\"444\" src=\"https:\/\/www.paulus.com.br\/assistencia-social\/wp-content\/uploads\/2024\/09\/7163org.jpg\" alt=\"\" class=\"wp-image-9041\" srcset=\"https:\/\/www.paulus.com.br\/assistencia-social\/wp-content\/uploads\/2024\/09\/7163org.jpg 716w, https:\/\/www.paulus.com.br\/assistencia-social\/wp-content\/uploads\/2024\/09\/7163org-300x186.jpg 300w\" sizes=\"auto, (max-width: 716px) 100vw, 716px\" \/><\/a><\/figure>\n\n\n\n<p>A forma\u00e7\u00e3o foi conduzida por Fernanda Garcia, Assistente Social, doutoranda em Servi\u00e7o Social pelo PPGSS da Universidade Estadual Paulista (UNESP). Al\u00e9m de apresentar os marcos legais do SUAS e convidar os participantes a refletirem cr\u00edtica e filosoficamente sobre suas pr\u00e1ticas, Fernanda estimulou a criatividade, passando da ing\u00eanua para a cr\u00edtica \u2013 tal qual conceituada pelo patrono da educa\u00e7\u00e3o brasileira, Paulo Freire \u2013 na perspectiva da elabora\u00e7\u00e3o de percursos a partir do elemento facilitador utilizado nas forma\u00e7\u00f5es do programa: seu kit de livros.<\/p>\n\n\n\n<figure class=\"wp-block-image size-full\"><a href=\"https:\/\/www.paulus.com.br\/assistencia-social\/wp-content\/uploads\/2024\/09\/7162org.jpg\"><img loading=\"lazy\" decoding=\"async\" width=\"716\" height=\"444\" src=\"https:\/\/www.paulus.com.br\/assistencia-social\/wp-content\/uploads\/2024\/09\/7162org.jpg\" alt=\"\" class=\"wp-image-9042\" srcset=\"https:\/\/www.paulus.com.br\/assistencia-social\/wp-content\/uploads\/2024\/09\/7162org.jpg 716w, https:\/\/www.paulus.com.br\/assistencia-social\/wp-content\/uploads\/2024\/09\/7162org-300x186.jpg 300w\" sizes=\"auto, (max-width: 716px) 100vw, 716px\" \/><\/a><\/figure>\n\n\n\n<p>Destinada a educadores sociais de SCFV, esta forma\u00e7\u00e3o visa contribuir para a educa\u00e7\u00e3o permanente desses profissionais, que representam o maior contingente de trabalhadores dos servi\u00e7os do SUAS em seus diversos n\u00edveis de prote\u00e7\u00e3o.<\/p>\n\n\n\n<p>O Programa Direito e Cidadania \u00e9 estruturado para requalificar a atua\u00e7\u00e3o de trabalhadores de Servi\u00e7os de Conviv\u00eancia e Fortalecimento de V\u00ednculos \u2013 SCFV, tendo como elemento facilitador o kit de livros da PAULUS, exclusivamente elaborado para esta finalidade.<\/p>\n","protected":false},"featured_media":9038,"template":"","tags":[],"class_list":["post-9037","noticias","type-noticias","status-publish","has-post-thumbnail","hentry"],"acf":[],"_links":{"self":[{"href":"https:\/\/www.paulus.com.br\/assistencia-social\/wp-json\/wp\/v2\/noticias\/9037","targetHints":{"allow":["GET"]}}],"collection":[{"href":"https:\/\/www.paulus.com.br\/assistencia-social\/wp-json\/wp\/v2\/noticias"}],"about":[{"href":"https:\/\/www.paulus.com.br\/assistencia-social\/wp-json\/wp\/v2\/types\/noticias"}],"wp:featuredmedia":[{"embeddable":true,"href":"https:\/\/www.paulus.com.br\/assistencia-social\/wp-json\/wp\/v2\/media\/9038"}],"wp:attachment":[{"href":"https:\/\/www.paulus.com.br\/assistencia-social\/wp-json\/wp\/v2\/media?parent=9037"}],"wp:term":[{"taxonomy":"post_tag","embeddable":true,"href":"https:\/\/www.paulus.com.br\/assistencia-social\/wp-json\/wp\/v2\/tags?post=9037"}],"curies":[{"name":"wp","href":"https:\/\/api.w.org\/{rel}","templated":true}]}}