{"id":9036,"date":"2024-09-10T09:56:10","date_gmt":"2024-09-10T12:56:10","guid":{"rendered":"https:\/\/www.paulus.com.br\/assistencia-social\/?post_type=noticias&#038;p=9036"},"modified":"2024-09-10T09:56:11","modified_gmt":"2024-09-10T12:56:11","slug":"scfv-e-tema-de-percurso-formativo-em-natal-rn","status":"publish","type":"noticias","link":"https:\/\/www.paulus.com.br\/assistencia-social\/noticias\/scfv-e-tema-de-percurso-formativo-em-natal-rn\/","title":{"rendered":"SCFV \u00e9 tema de percurso formativo em Natal\/RN"},"content":{"rendered":"\n<p>Nos dias 27 e 28 de agosto, aconteceu em Natal, capital do Rio Grande do Norte, mais uma&nbsp; atividade formativa do Programa Direito e Cidadania (PDEC), uma parceria da PAULUS Social&nbsp; com a Funda\u00e7\u00e3o F\u00e9 e Alegria.&nbsp;<\/p>\n\n\n\n<p>A forma\u00e7\u00e3o aconteceu na sede da Funda\u00e7\u00e3o F\u00e9 e Alegria e contou com a presen\u00e7a de 47&nbsp; trabalhadores e trabalhadoras da assist\u00eancia social do munic\u00edpio e de cidades vizinhas. Pela&nbsp; oportunidade, durante as 16 horas de forma\u00e7\u00e3o, os participantes puderam interagir e dialogar&nbsp; sobre as pr\u00e1ticas cotidianas no Servi\u00e7o de Conviv\u00eancia e Fortalecimento de V\u00ednculos (SCFV),.&nbsp; Para tanto, contamos com a facilita\u00e7\u00e3o da formadora Fernanda Garcia, Assistente Social de&nbsp; forma\u00e7\u00e3o, mestre, bacharel e doutoranda em Servi\u00e7o Social.&nbsp;<\/p>\n\n\n\n<p>Tendo como p\u00fablico-alvo os educadores\/orientadores sociais, a forma\u00e7\u00e3o proporcionou&nbsp; reflex\u00f5es e viv\u00eancias pr\u00e1ticas, de forma contextualizada, objetivando contribuir com a&nbsp; constru\u00e7\u00e3o de percursos progressivos em seu trabalho di\u00e1rio.&nbsp;<\/p>\n\n\n\n<p>Ap\u00f3s explana\u00e7\u00e3o te\u00f3rica sobre os marcos legais da pol\u00edtica de assist\u00eancia social, foram&nbsp; levantados alguns elementos relacionados aos saberes necess\u00e1rios \u00e0 pr\u00e1tica socioeducativa,&nbsp; momento de grande e profunda discuss\u00e3o entre a formadora e os participantes.&nbsp;<\/p>\n\n\n\n<p>Todos os presentes receberam o kit de livros do Programa Direito e Cidadania, que, em 2024, conta com os seguintes t\u00edtulos: \u201cAs Ruas de Vila Esperan\u00e7a\u201d, \u201cO C\u00e9u do Sert\u00e3o \u00e9 Seu\u201d, \u201cPor&nbsp; Onde Andar\u00e1 Andiara\u201d, \u201cVida\u201d e \u201cMais um Prato para Pedrinho\u201d.&nbsp;<\/p>\n\n\n\n<p>O livro escolhido para leitura foi \u201cO C\u00e9u do Sert\u00e3o \u00e9 Seu\u201d, de Ninfa Parreiras, momento em que&nbsp; os participantes discutiram sobre curiosidade e criatividade na vida e como esse processo&nbsp; reflexivo pode impulsionar o trabalho no SCFV.&nbsp;<\/p>\n\n\n\n<p>O Programa Direito e Cidadania \u00e9 estruturado para requalificar a atua\u00e7\u00e3o de trabalhadores de&nbsp; Servi\u00e7os de Conviv\u00eancia e Fortalecimento de V\u00ednculos &#8211; SCFV, tendo como elemento facilitador&nbsp; o kit de livros da PAULUS, exclusivamente elaborado para esta finalidade.<\/p>\n","protected":false},"featured_media":9023,"template":"","tags":[],"class_list":["post-9036","noticias","type-noticias","status-publish","has-post-thumbnail","hentry"],"acf":[],"_links":{"self":[{"href":"https:\/\/www.paulus.com.br\/assistencia-social\/wp-json\/wp\/v2\/noticias\/9036","targetHints":{"allow":["GET"]}}],"collection":[{"href":"https:\/\/www.paulus.com.br\/assistencia-social\/wp-json\/wp\/v2\/noticias"}],"about":[{"href":"https:\/\/www.paulus.com.br\/assistencia-social\/wp-json\/wp\/v2\/types\/noticias"}],"wp:featuredmedia":[{"embeddable":true,"href":"https:\/\/www.paulus.com.br\/assistencia-social\/wp-json\/wp\/v2\/media\/9023"}],"wp:attachment":[{"href":"https:\/\/www.paulus.com.br\/assistencia-social\/wp-json\/wp\/v2\/media?parent=9036"}],"wp:term":[{"taxonomy":"post_tag","embeddable":true,"href":"https:\/\/www.paulus.com.br\/assistencia-social\/wp-json\/wp\/v2\/tags?post=9036"}],"curies":[{"name":"wp","href":"https:\/\/api.w.org\/{rel}","templated":true}]}}