{"id":3419,"date":"2018-03-12T14:24:33","date_gmt":"2018-03-12T17:24:33","guid":{"rendered":"http:\/\/www.paulus.com.br\/assistencia-social\/?post_type=noticias&#038;p=3419"},"modified":"2022-10-13T15:59:06","modified_gmt":"2022-10-13T18:59:06","slug":"paulus-realiza-formacao-sobre-medidas-socioeducativas","status":"publish","type":"noticias","link":"https:\/\/www.paulus.com.br\/assistencia-social\/noticias\/paulus-realiza-formacao-sobre-medidas-socioeducativas\/","title":{"rendered":"PAULUS realiza forma\u00e7\u00e3o sobre Medidas Socioeducativas."},"content":{"rendered":"<p>Nos dias 12 e 13 de mar\u00e7o a cidade de Sorocaba\/SP recebe a forma\u00e7\u00e3o \u201cAdolesc\u00eancia, Civiliza\u00e7\u00e3o e Transgress\u00e3o: a valoriza\u00e7\u00e3o das rela\u00e7\u00f5es humanas como possibilidade de supera\u00e7\u00e3o dos desafios cotidianos na execu\u00e7\u00e3o das medidas socioeducativas\u201d, atividade do Projeto Gest\u00e3o da Pr\u00e1tica Cotidiana proposta pelo N\u00facleo PAULUS de Forma\u00e7\u00e3o, Pesquisa e Dissemina\u00e7\u00e3o Social.<\/p>\n<p>Com carga hor\u00e1ria de 16 horas, o encontro busca promover espa\u00e7os reflexivos que inspirem educadores sociais e profissionais que atuam na rede socioassistencial, principalmente na execu\u00e7\u00e3o das medidas privativas ou restritivas de liberdade para cria\u00e7\u00e3o de estrat\u00e9gias capazes de qualificar a a\u00e7\u00e3o socioeducativa.<\/p>\n<p>Voltado para profissionais da Rede Socioassistencial, Psic\u00f3logos ou estudantes de psicologia e Assistentes Sociais ou estudantes de servi\u00e7o social, a forma\u00e7\u00e3o, ministrada por Agnaldo Geremias (formador de longa data do N\u00facleo PAULUS), instrumentaliza os socioeducadores que atuam sobre o fen\u00f4meno adolesc\u00eancia e conflitualidade para a supera\u00e7\u00e3o dos desafios cotidianos, propondo novos ambientes de discuss\u00e3o acerca da reala\u00e7\u00e3o te\u00f3rico-pr\u00e1tica.<\/p>\n<p>No primeiro dia, a forma\u00e7\u00e3o contou com a participa\u00e7\u00e3o de 30 profissionais atuantes da Rede Socioassistencial na cidade de Sorocaba e em munic\u00edpios vizinhos.<\/p>\n<p>&nbsp;<\/p>\n<h6 style=\"text-align: right;\"><img loading=\"lazy\" decoding=\"async\" class=\"aligncenter size-full wp-image-3422\" src=\"http:\/\/www.paulus.com.br\/assistencia-social\/wp-content\/uploads\/2018\/03\/1000IMG-20180312-WA0001-1.jpg\" alt=\"\" width=\"1000\" height=\"489\" srcset=\"https:\/\/www.paulus.com.br\/assistencia-social\/wp-content\/uploads\/2018\/03\/1000IMG-20180312-WA0001-1.jpg 1000w, https:\/\/www.paulus.com.br\/assistencia-social\/wp-content\/uploads\/2018\/03\/1000IMG-20180312-WA0001-1-300x147.jpg 300w, https:\/\/www.paulus.com.br\/assistencia-social\/wp-content\/uploads\/2018\/03\/1000IMG-20180312-WA0001-1-768x376.jpg 768w\" sizes=\"auto, (max-width: 1000px) 100vw, 1000px\" \/><strong>Imagem: arquivo PAULUS<\/strong><\/h6>\n","protected":false},"featured_media":6799,"template":"","tags":[],"class_list":["post-3419","noticias","type-noticias","status-publish","has-post-thumbnail","hentry"],"acf":[],"_links":{"self":[{"href":"https:\/\/www.paulus.com.br\/assistencia-social\/wp-json\/wp\/v2\/noticias\/3419","targetHints":{"allow":["GET"]}}],"collection":[{"href":"https:\/\/www.paulus.com.br\/assistencia-social\/wp-json\/wp\/v2\/noticias"}],"about":[{"href":"https:\/\/www.paulus.com.br\/assistencia-social\/wp-json\/wp\/v2\/types\/noticias"}],"wp:featuredmedia":[{"embeddable":true,"href":"https:\/\/www.paulus.com.br\/assistencia-social\/wp-json\/wp\/v2\/media\/6799"}],"wp:attachment":[{"href":"https:\/\/www.paulus.com.br\/assistencia-social\/wp-json\/wp\/v2\/media?parent=3419"}],"wp:term":[{"taxonomy":"post_tag","embeddable":true,"href":"https:\/\/www.paulus.com.br\/assistencia-social\/wp-json\/wp\/v2\/tags?post=3419"}],"curies":[{"name":"wp","href":"https:\/\/api.w.org\/{rel}","templated":true}]}}