{"id":3364,"date":"2018-03-02T11:56:01","date_gmt":"2018-03-02T14:56:01","guid":{"rendered":"http:\/\/www.paulus.com.br\/assistencia-social\/?post_type=noticias&#038;p=3364"},"modified":"2022-10-13T16:11:01","modified_gmt":"2022-10-13T19:11:01","slug":"servicos-de-convivencia-da-paulus-participam-do-evento-intercapitulo","status":"publish","type":"noticias","link":"https:\/\/www.paulus.com.br\/assistencia-social\/noticias\/servicos-de-convivencia-da-paulus-participam-do-evento-intercapitulo\/","title":{"rendered":"Servi\u00e7os de Conviv\u00eancia da PAULUS participam do evento Intercap\u00edtulo"},"content":{"rendered":"<p>Na \u00faltima segunda-feira, dia 26 de fevereiro, as crian\u00e7as e adolescentes atendidas pelos tr\u00eas Servi\u00e7os de Conviv\u00eancia e Fortalecimento de V\u00ednculos da PAULUS (CCA Formando Cidad\u00e3os, CCA de Olho no Futuro e CCA PAULUS) participaram da culmin\u00e2ncia do evento Intercap\u00edtulo, que reuniu padres da Pia Sociedade de S\u00e3o Paulo (PAULUS) de todo o mundo. O encontro aconteceu na Faculdade PAULUS de Comunica\u00e7\u00e3o (FAPCOM), e tamb\u00e9m marcou o in\u00edcio das aulas no primeiro semestre de 2018.<\/p>\n<p>A performance consistiu na apresenta\u00e7\u00e3o de dan\u00e7as t\u00edpicas das cinco regi\u00f5es do Brasil, apresentando aos convidados internacionais algumas das caracter\u00edsticas do Norte, Nordeste, Centro-Oeste, Sudeste e Sul do Pa\u00eds. Com grande aprova\u00e7\u00e3o do p\u00fablico, as crian\u00e7as e adolescentes tiveram a oportunidade de mais uma vez exercitar as premissas da conviv\u00eancia atrav\u00e9s de atividades art\u00edsticas, consagrando a potencialidade emancipadora dos Servi\u00e7os de Conviv\u00eancia.<\/p>\n<p>&nbsp;<\/p>\n<p>Fotos: Ana Caxi &#8211; Est\u00fadio FAPCOM<\/p>\n","protected":false},"featured_media":6801,"template":"","tags":[],"class_list":["post-3364","noticias","type-noticias","status-publish","has-post-thumbnail","hentry"],"acf":[],"_links":{"self":[{"href":"https:\/\/www.paulus.com.br\/assistencia-social\/wp-json\/wp\/v2\/noticias\/3364","targetHints":{"allow":["GET"]}}],"collection":[{"href":"https:\/\/www.paulus.com.br\/assistencia-social\/wp-json\/wp\/v2\/noticias"}],"about":[{"href":"https:\/\/www.paulus.com.br\/assistencia-social\/wp-json\/wp\/v2\/types\/noticias"}],"wp:featuredmedia":[{"embeddable":true,"href":"https:\/\/www.paulus.com.br\/assistencia-social\/wp-json\/wp\/v2\/media\/6801"}],"wp:attachment":[{"href":"https:\/\/www.paulus.com.br\/assistencia-social\/wp-json\/wp\/v2\/media?parent=3364"}],"wp:term":[{"taxonomy":"post_tag","embeddable":true,"href":"https:\/\/www.paulus.com.br\/assistencia-social\/wp-json\/wp\/v2\/tags?post=3364"}],"curies":[{"name":"wp","href":"https:\/\/api.w.org\/{rel}","templated":true}]}}