{"id":3317,"date":"2017-12-13T08:51:05","date_gmt":"2017-12-13T10:51:05","guid":{"rendered":"http:\/\/www.paulus.com.br\/assistencia-social\/?post_type=noticias&#038;p=3317"},"modified":"2022-10-13T16:17:03","modified_gmt":"2022-10-13T19:17:03","slug":"grupo-de-trabalho-assessoramento-defesa-e-garantia-de-direitos-participa-da-11a-conferencia-nacional-de-assistencia-social","status":"publish","type":"noticias","link":"https:\/\/www.paulus.com.br\/assistencia-social\/noticias\/grupo-de-trabalho-assessoramento-defesa-e-garantia-de-direitos-participa-da-11a-conferencia-nacional-de-assistencia-social\/","title":{"rendered":"Grupo de Trabalho Assessoramento, Defesa e Garantia de Direitos participa da 11\u00aa Confer\u00eancia Nacional de Assist\u00eancia Social"},"content":{"rendered":"<p>Entre os dias 05 e 08 de dezembro a PAULUS esteve presente na 11\u00aa Confer\u00eancia Nacional de Assist\u00eancia Social atuando em conjunto com o Grupo de Trabalho Assessoramento, Defesa e Garantia de Direitos. Durante esses quatro dias foram esclarecidas d\u00favidas e elaborados debates acerca desse importante, por\u00e9m pouco conhecido, tema da Pol\u00edtica de Assist\u00eancia Social.<\/p>\n<p>Al\u00e9m dos plant\u00f5es de esclarecimentos realizados durante os quatro dias, a presen\u00e7a doGT resultou em diversas a\u00e7\u00f5es. Uma roda de conversas apresentou aos presentes no estande os principais t\u00f3picos do Assessoramento, explicando os progressos debatidos pelo Grupo de Trabalho ao longo dos seus doze meses de exist\u00eancia. Al\u00e9m disso, em conjunto com Douglas Carneiro e Karoline Aires (ambos representando a Secretaria Nacional de Assist\u00eancia Social), Aurimar Pacheco, representando o GT, ministrou uma das oficinas realizadas durante a confer\u00eancia, tamb\u00e9m debatendo o Assessoramento e pontuado os resultados elaborados pelo GT.<\/p>\n<p>O estande tamb\u00e9m contou com a presen\u00e7a da R\u00e1dio ONCB, iniciativa da Organiza\u00e7\u00e3o Nacional dos Cegos do Brasil, que realizou uma transmiss\u00e3o ao vivo entrevistando representantes do Grupo de Trabalho e participantes da Confer\u00eancia sobre o atual cen\u00e1rio do Sistema \u00danico de Assist\u00eancia Social no pa\u00eds.<\/p>\n<p>Mais de 400 pessoas passaram pelo espa\u00e7o do GT na Confer\u00eancia Nacional, trocando experi\u00eancias e ampliando percep\u00e7\u00f5es acerca das particularidades e desafios enfrentados no cotidiano de todos que atuam e se relacionam com a Assist\u00eancia Social no Brasil.<\/p>\n","protected":false},"featured_media":6803,"template":"","tags":[],"class_list":["post-3317","noticias","type-noticias","status-publish","has-post-thumbnail","hentry"],"acf":[],"_links":{"self":[{"href":"https:\/\/www.paulus.com.br\/assistencia-social\/wp-json\/wp\/v2\/noticias\/3317","targetHints":{"allow":["GET"]}}],"collection":[{"href":"https:\/\/www.paulus.com.br\/assistencia-social\/wp-json\/wp\/v2\/noticias"}],"about":[{"href":"https:\/\/www.paulus.com.br\/assistencia-social\/wp-json\/wp\/v2\/types\/noticias"}],"wp:featuredmedia":[{"embeddable":true,"href":"https:\/\/www.paulus.com.br\/assistencia-social\/wp-json\/wp\/v2\/media\/6803"}],"wp:attachment":[{"href":"https:\/\/www.paulus.com.br\/assistencia-social\/wp-json\/wp\/v2\/media?parent=3317"}],"wp:term":[{"taxonomy":"post_tag","embeddable":true,"href":"https:\/\/www.paulus.com.br\/assistencia-social\/wp-json\/wp\/v2\/tags?post=3317"}],"curies":[{"name":"wp","href":"https:\/\/api.w.org\/{rel}","templated":true}]}}