{"id":3307,"date":"2017-12-11T17:25:13","date_gmt":"2017-12-11T19:25:13","guid":{"rendered":"http:\/\/www.paulus.com.br\/assistencia-social\/?post_type=noticias&#038;p=3307"},"modified":"2022-10-13T16:46:49","modified_gmt":"2022-10-13T19:46:49","slug":"segunda-etapa-de-formacao-para-orientadores-sociais-acontece-na-grande-recife","status":"publish","type":"noticias","link":"https:\/\/www.paulus.com.br\/assistencia-social\/noticias\/segunda-etapa-de-formacao-para-orientadores-sociais-acontece-na-grande-recife\/","title":{"rendered":"Segunda etapa de forma\u00e7\u00e3o para Orientadores Sociais acontece na Grande Recife."},"content":{"rendered":"<p>Nos dias 11 e 12 de dezembro acontece o segundo m\u00f3dulo da forma\u00e7\u00e3o \u201cO Orientador Social e a pr\u00e1tica cotidiana no Servi\u00e7o de Conviv\u00eancia e Fortalecimento de V\u00ednculos\u201d em Pernambuco. Esta etapa da forma\u00e7\u00e3o acontece em Cabo de Santo Agostinho, cidade na regi\u00e3o da Grande Recife.<\/p>\n<p>A abertura do encontro contou com a presen\u00e7a dos coordenadores de Servi\u00e7os de Conviv\u00eancia e Fortalecimento de V\u00ednculos de 14 munic\u00edpios da regi\u00e3o. Nessa fase, a facilitadora pela PAULUS \u00e9 a professora Jucileide Ferreira do Nascimento. 65 profissionais, Orientadores Sociais dos Servi\u00e7os de Conviv\u00eancia e Fortalecimento de V\u00ednculos, participam desse m\u00f3dulo.<\/p>\n<p>Em mar\u00e7o de 2018 acontecer\u00e1 a terceira etapa da forma\u00e7\u00e3o. O Curso para Orientadores Sociais faz parte do Programa de Assessoramento na Assist\u00eancia Social da PAULUS, realizado pelo N\u00facleo PAULUS de Forma\u00e7\u00e3o, Pesquisa e Dissemina\u00e7\u00e3o Social, durante o ano inteiro em todo o pa\u00eds.<\/p>\n","protected":false},"featured_media":6806,"template":"","tags":[],"class_list":["post-3307","noticias","type-noticias","status-publish","has-post-thumbnail","hentry"],"acf":[],"_links":{"self":[{"href":"https:\/\/www.paulus.com.br\/assistencia-social\/wp-json\/wp\/v2\/noticias\/3307","targetHints":{"allow":["GET"]}}],"collection":[{"href":"https:\/\/www.paulus.com.br\/assistencia-social\/wp-json\/wp\/v2\/noticias"}],"about":[{"href":"https:\/\/www.paulus.com.br\/assistencia-social\/wp-json\/wp\/v2\/types\/noticias"}],"wp:featuredmedia":[{"embeddable":true,"href":"https:\/\/www.paulus.com.br\/assistencia-social\/wp-json\/wp\/v2\/media\/6806"}],"wp:attachment":[{"href":"https:\/\/www.paulus.com.br\/assistencia-social\/wp-json\/wp\/v2\/media?parent=3307"}],"wp:term":[{"taxonomy":"post_tag","embeddable":true,"href":"https:\/\/www.paulus.com.br\/assistencia-social\/wp-json\/wp\/v2\/tags?post=3307"}],"curies":[{"name":"wp","href":"https:\/\/api.w.org\/{rel}","templated":true}]}}