{"id":3291,"date":"2017-12-04T16:43:34","date_gmt":"2017-12-04T18:43:34","guid":{"rendered":"http:\/\/www.paulus.com.br\/assistencia-social\/?post_type=noticias&#038;p=3291"},"modified":"2022-10-18T10:29:22","modified_gmt":"2022-10-18T13:29:22","slug":"paulus-conclui-ciclo-de-monitoramento-nacional-dos-servicos-de-convivencia-e-fortalecimento-de-vinculos-em-belem","status":"publish","type":"noticias","link":"https:\/\/www.paulus.com.br\/assistencia-social\/noticias\/paulus-conclui-ciclo-de-monitoramento-nacional-dos-servicos-de-convivencia-e-fortalecimento-de-vinculos-em-belem\/","title":{"rendered":"PAULUS conclui ciclo de monitoramento nacional dos Servi\u00e7os de Conviv\u00eancia e Fortalecimento de V\u00ednculos, em Bel\u00e9m."},"content":{"rendered":"<p>Nos dias 27 e 28 de novembro de 2017, a PAULUS realizou em Bel\u00e9m\/PA a \u00faltima etapa do ano do monitoramento das atividades do Programa Direito e Cidadania. Direcionado para os Servi\u00e7os de Conviv\u00eancia e Fortalecimento de V\u00ednculos da Pol\u00edtica de Assist\u00eancia Social, o programa realiza pesquisa nacional para avalia\u00e7\u00e3o dos seus resultados com a amostragem de 500 crian\u00e7as e adolescentes nas cinco regi\u00f5es do pa\u00eds.<\/p>\n<p>A atividade acontece em parceria com 50 Organiza\u00e7\u00f5es Sociais, que garantem seus espa\u00e7os para a atividade que objetiva estabelecer novos olhares para o funcionamento desse servi\u00e7o tipificado. Iniciada em 2015, a pesquisa ser\u00e1 conclu\u00edda ainda em 2017, com perspectiva de publica\u00e7\u00e3o em maio de 2018.<\/p>\n<p>A investiga\u00e7\u00e3o que tem como meta contribuir para a qualifica\u00e7\u00e3o dos Servi\u00e7os de Conviv\u00eancia \u00e9 mais uma pr\u00e1tica socioassistencial do escopo do Programa de Assessoramento da PAULUS, realizado em todo o pa\u00eds.<\/p>\n<p>&nbsp;<\/p>\n<p>&nbsp;<\/p>\n<p>&nbsp;<\/p>\n<p>&nbsp;<\/p>\n","protected":false},"featured_media":6862,"template":"","tags":[],"class_list":["post-3291","noticias","type-noticias","status-publish","has-post-thumbnail","hentry"],"acf":[],"_links":{"self":[{"href":"https:\/\/www.paulus.com.br\/assistencia-social\/wp-json\/wp\/v2\/noticias\/3291","targetHints":{"allow":["GET"]}}],"collection":[{"href":"https:\/\/www.paulus.com.br\/assistencia-social\/wp-json\/wp\/v2\/noticias"}],"about":[{"href":"https:\/\/www.paulus.com.br\/assistencia-social\/wp-json\/wp\/v2\/types\/noticias"}],"wp:featuredmedia":[{"embeddable":true,"href":"https:\/\/www.paulus.com.br\/assistencia-social\/wp-json\/wp\/v2\/media\/6862"}],"wp:attachment":[{"href":"https:\/\/www.paulus.com.br\/assistencia-social\/wp-json\/wp\/v2\/media?parent=3291"}],"wp:term":[{"taxonomy":"post_tag","embeddable":true,"href":"https:\/\/www.paulus.com.br\/assistencia-social\/wp-json\/wp\/v2\/tags?post=3291"}],"curies":[{"name":"wp","href":"https:\/\/api.w.org\/{rel}","templated":true}]}}