{"id":3290,"date":"2017-11-29T15:57:50","date_gmt":"2017-11-29T17:57:50","guid":{"rendered":"http:\/\/www.paulus.com.br\/assistencia-social\/?post_type=noticias&#038;p=3290"},"modified":"2022-10-13T17:13:46","modified_gmt":"2022-10-13T20:13:46","slug":"orientadores-sociais-apresentam-pesquisas-na-conclusao-de-curso-em-belem-pa","status":"publish","type":"noticias","link":"https:\/\/www.paulus.com.br\/assistencia-social\/noticias\/orientadores-sociais-apresentam-pesquisas-na-conclusao-de-curso-em-belem-pa\/","title":{"rendered":"Orientadores Sociais apresentam pesquisas na conclus\u00e3o de curso em Bel\u00e9m\/PA"},"content":{"rendered":"<p>No dia 29 de novembro de 2017 a PAULUS, em parceria com o Conselho Municipal de Assist\u00eancia Social de Bel\u00e9m (CMAS) e&nbsp;o N\u00facleo de Articula\u00e7\u00e3o Comunit\u00e1ria do Governo do Estado do Par\u00e1 (NAC), com apoio da Escola Superior da Amaz\u00f4nia (ESAMAZ), concluiu o primeiro curso para Orientadores Sociais no \u00e2mbito do Sistema \u00danico de Assist\u00eancia Social (SUAS) realizado no estado.<\/p>\n<p>Na ocasi\u00e3o foram apresentados 13 trabalhos de pesquisa, envolvendo 60 profissionais da Assist\u00eancia Social de 08 munic\u00edpios da regi\u00e3o metropolitana de Bel\u00e9m. O evento conta com a presen\u00e7a da Professora Norma Carvalho, Presidente do CMAS, Professor Celio Vanderlei Moraes, da equipe de formadores da PAULUS, e a media\u00e7\u00e3o acad\u00eamica do Professor Doutor Reinaldo Pontes, do curso de p\u00f3s gradua\u00e7\u00e3o da Universidade Federal do Par\u00e1.<\/p>\n<p>O curso, com total de 75h\/atividades, faz parte do Programa de Assessoramento da PAULUS. Nessa iniciativa de descentraliza\u00e7\u00e3o dos cursos pelo pa\u00eds afora, atendendo \u00e0s demandas dos usu\u00e1rios e trabalhadores da pol\u00edtica p\u00fablica de Assist\u00eancia Social, a forma\u00e7\u00e3o j\u00e1 foi conclu\u00edda neste ano em Caxias do Sul\/RS e S\u00e3o Paulo\/SP. Tamb\u00e9m est\u00e1 sendo realizado em Recife\/PE e j\u00e1 possui data programada em Cuiab\u00e1\/MT.<\/p>\n","protected":false},"featured_media":6810,"template":"","tags":[],"class_list":["post-3290","noticias","type-noticias","status-publish","has-post-thumbnail","hentry"],"acf":[],"_links":{"self":[{"href":"https:\/\/www.paulus.com.br\/assistencia-social\/wp-json\/wp\/v2\/noticias\/3290","targetHints":{"allow":["GET"]}}],"collection":[{"href":"https:\/\/www.paulus.com.br\/assistencia-social\/wp-json\/wp\/v2\/noticias"}],"about":[{"href":"https:\/\/www.paulus.com.br\/assistencia-social\/wp-json\/wp\/v2\/types\/noticias"}],"wp:featuredmedia":[{"embeddable":true,"href":"https:\/\/www.paulus.com.br\/assistencia-social\/wp-json\/wp\/v2\/media\/6810"}],"wp:attachment":[{"href":"https:\/\/www.paulus.com.br\/assistencia-social\/wp-json\/wp\/v2\/media?parent=3290"}],"wp:term":[{"taxonomy":"post_tag","embeddable":true,"href":"https:\/\/www.paulus.com.br\/assistencia-social\/wp-json\/wp\/v2\/tags?post=3290"}],"curies":[{"name":"wp","href":"https:\/\/api.w.org\/{rel}","templated":true}]}}