{"id":3288,"date":"2017-11-29T09:21:43","date_gmt":"2017-11-29T11:21:43","guid":{"rendered":"http:\/\/www.paulus.com.br\/assistencia-social\/?post_type=noticias&#038;p=3288"},"modified":"2022-10-13T17:19:29","modified_gmt":"2022-10-13T20:19:29","slug":"paulus-realiza-curso-do-programa-direito-e-cidadania-em-ananindeua-pa","status":"publish","type":"noticias","link":"https:\/\/www.paulus.com.br\/assistencia-social\/noticias\/paulus-realiza-curso-do-programa-direito-e-cidadania-em-ananindeua-pa\/","title":{"rendered":"PAULUS realiza curso do Programa Direito e Cidadania em Ananindeua-PA"},"content":{"rendered":"<p>Nos dias 27 e 28 de Novembro a cidade de Ananindeua, no Par\u00e1, recebeu a forma\u00e7\u00e3o \u201cDe v\u00ednculos e conviv\u00eancias, os diversos interesses e sociabilidades para a cidadania infanto-juvenil\u201d, o curso para profissionais que atuam nos Servi\u00e7os de Conviv\u00eancia e Fortalecimento de V\u00ednculos a partir do Programa Direito e Cidadania da PAULUS<\/p>\n<p>Na ocasi\u00e3o, 60 profissionais do poder p\u00fablico e da rede privada do Sistema \u00danico de Assist\u00eancia Social (SUAS) tiveram 16h\/atividades e programa\u00e7\u00e3o\u00a0conduzidas pelo Professor-Mestre Celio Vanderlei Moraes. O encontro aconteceu no espa\u00e7o da Universidade da Amaz\u00f4nia.<\/p>\n<p>No encontro estiveram presentes representantes de Organiza\u00e7\u00f5es Sociais e de Centros de Refer\u00eancia de Assist\u00eancia Social (CRAS) dos munic\u00edpios de Ananindeua, Santa Izabel, Acar\u00e1, Barcarena, Castanhal e Bonito, cidades no entorno de Bel\u00e9m\/PA.<\/p>\n<p>A atividade faz parte do Programa de Assessoramento da Assist\u00eancia Social PAULUS, realizado em todo o pa\u00eds.<\/p>\n","protected":false},"featured_media":6812,"template":"","tags":[],"class_list":["post-3288","noticias","type-noticias","status-publish","has-post-thumbnail","hentry"],"acf":[],"_links":{"self":[{"href":"https:\/\/www.paulus.com.br\/assistencia-social\/wp-json\/wp\/v2\/noticias\/3288","targetHints":{"allow":["GET"]}}],"collection":[{"href":"https:\/\/www.paulus.com.br\/assistencia-social\/wp-json\/wp\/v2\/noticias"}],"about":[{"href":"https:\/\/www.paulus.com.br\/assistencia-social\/wp-json\/wp\/v2\/types\/noticias"}],"wp:featuredmedia":[{"embeddable":true,"href":"https:\/\/www.paulus.com.br\/assistencia-social\/wp-json\/wp\/v2\/media\/6812"}],"wp:attachment":[{"href":"https:\/\/www.paulus.com.br\/assistencia-social\/wp-json\/wp\/v2\/media?parent=3288"}],"wp:term":[{"taxonomy":"post_tag","embeddable":true,"href":"https:\/\/www.paulus.com.br\/assistencia-social\/wp-json\/wp\/v2\/tags?post=3288"}],"curies":[{"name":"wp","href":"https:\/\/api.w.org\/{rel}","templated":true}]}}