{"id":3266,"date":"2017-11-17T09:41:44","date_gmt":"2017-11-17T11:41:44","guid":{"rendered":"http:\/\/www.paulus.com.br\/assistencia-social\/?post_type=noticias&#038;p=3266"},"modified":"2022-10-17T14:27:26","modified_gmt":"2022-10-17T17:27:26","slug":"cca-de-olho-no-futuro-realiza-conclusao-de-percurso","status":"publish","type":"noticias","link":"https:\/\/www.paulus.com.br\/assistencia-social\/noticias\/cca-de-olho-no-futuro-realiza-conclusao-de-percurso\/","title":{"rendered":"CCA De Olho no Futuro realiza conclus\u00e3o de percurso."},"content":{"rendered":"\n<p>Entre os dias 18 e 25 de outubro aconteceu a \u201cMostra de A\u00e7\u00f5es Protag\u00f4nicas\u201d, evento que finalizou o percurso \u201cProtagonismo\u201d iniciado no m\u00eas de agosto pelas crian\u00e7as e adolescentes dos Servi\u00e7os de Conviv\u00eancia e Fortalecimento de V\u00ednculos CCA Formando Cidad\u00e3os, CCA Paulus e CCA De Olho no Futuro. Todos estiveram muito envolvidos nas produ\u00e7\u00f5es de v\u00e1rias a\u00e7\u00f5es com base nas demandas infantil e adolescente.<\/p>\n\n\n\n<p>O tema foi \u201cO ser e o fazer\u201d, ancorado em situa\u00e7\u00f5es provocativas do cotidiano e na consciente necessidade de discutir, refletir e encontrar caminhos para a conviv\u00eancia em um mundo mais igual e justo. Para se chegar ao resultado pensado, foram realizados di\u00e1logos sobre o conhecimento do tema e o sentido a ele atribu\u00eddo; significado e melhor compreens\u00e3o tem\u00e1tica para coloc\u00e1-la em pr\u00e1tica juntamente com o p\u00fablico atendido; vota\u00e7\u00e3o das demandas para a a\u00e7\u00e3o; elabora\u00e7\u00e3o de roteiro, com tarefas para cada etapa, como a abordagem do tema, proje\u00e7\u00e3o das personagens, chuva de ideias, escrita do projeto de a\u00e7\u00e3o, execu\u00e7\u00e3o, finaliza\u00e7\u00e3o e culmin\u00e2ncia.<\/p>\n\n\n\n<p>Seguindo a proposta de protagonismo, em vez de os Orientadores Sociais prepararem as atividades para as crian\u00e7as e adolescentes as executarem, estes mesmos, dentro de seus grupos e de acordo com suas percep\u00e7\u00f5es, escolheram os assuntos que iriam tratar no trimestre, e tudo isso orientado pelo livro Meninas Equilibristas (de Alexandre Carvalho), que trata do protagonismo de crian\u00e7as e adolescentes dentro de uma comunidade.<\/p>\n\n\n\n<figure class=\"wp-block-image size-full\"><a href=\"https:\/\/www.paulus.com.br\/assistencia-social\/wp-content\/uploads\/2022\/10\/716percurso-cca-de-olho1.jpg\"><img loading=\"lazy\" decoding=\"async\" width=\"716\" height=\"444\" src=\"https:\/\/www.paulus.com.br\/assistencia-social\/wp-content\/uploads\/2022\/10\/716percurso-cca-de-olho1.jpg\" alt=\"\" class=\"wp-image-6834\" srcset=\"https:\/\/www.paulus.com.br\/assistencia-social\/wp-content\/uploads\/2022\/10\/716percurso-cca-de-olho1.jpg 716w, https:\/\/www.paulus.com.br\/assistencia-social\/wp-content\/uploads\/2022\/10\/716percurso-cca-de-olho1-300x186.jpg 300w\" sizes=\"auto, (max-width: 716px) 100vw, 716px\" \/><\/a><\/figure>\n\n\n\n<p>No Servi\u00e7o De Olho no Futuro, as a\u00e7\u00f5es no Protagonismo adolescente foram \u201cUm Olhar sobre as pessoas com defici\u00eancia\u201d, que tratou da empatia, do conhecimento e da multiplica\u00e7\u00e3o sobre as pr\u00e1ticas de inclus\u00e3o inscritas em Lei, enquanto no entorno do CCA inexiste condi\u00e7\u00f5es de mobilidade para essas pessoas. A a\u00e7\u00e3o aconteceu nas ruas adjacentes ao CCA; \u201cLixo no lixo, n\u00e3o lixo no ch\u00e3o\u201d mobilizou a comunidade para potencializar pr\u00e1ticas de conserva\u00e7\u00e3o e preserva\u00e7\u00e3o do Parque Ambiental Santa Maria, espa\u00e7o adjacente ao CCA, onde dezenas de pessoas circulam diariamente.<\/p>\n\n\n\n<p>No Protagonismo Infantil<strong>, <\/strong>as a\u00e7\u00f5es foram \u201cDe olho nos animais\u201d, que trouxe para a comunidade discuss\u00f5es sobre o abandono e os maus tratos de animais dom\u00e9sticos, como tamb\u00e9m pr\u00e1ticas de cuidados. Para a sensibiliza\u00e7\u00e3o foram compostas letra, melodia e manifesta\u00e7\u00f5es pelo bairro. A a\u00e7\u00e3o \u201cUnidos pelo transito\u201d mobilizou os moradores do Jardim Santa Maria acerca da necessidade de se observar e respeitar constantemente as regras e normas de conviv\u00eancia no tr\u00e2nsito de pessoas e ve\u00edculos pelas ruas do bairro. Essa a\u00e7\u00e3o resultou na constru\u00e7\u00e3o de um v\u00eddeo com brinquedos representando a conviv\u00eancia ideal no transito e registro de depoimentos.<\/p>\n","protected":false},"featured_media":6831,"template":"","tags":[],"class_list":["post-3266","noticias","type-noticias","status-publish","has-post-thumbnail","hentry"],"acf":[],"_links":{"self":[{"href":"https:\/\/www.paulus.com.br\/assistencia-social\/wp-json\/wp\/v2\/noticias\/3266","targetHints":{"allow":["GET"]}}],"collection":[{"href":"https:\/\/www.paulus.com.br\/assistencia-social\/wp-json\/wp\/v2\/noticias"}],"about":[{"href":"https:\/\/www.paulus.com.br\/assistencia-social\/wp-json\/wp\/v2\/types\/noticias"}],"wp:featuredmedia":[{"embeddable":true,"href":"https:\/\/www.paulus.com.br\/assistencia-social\/wp-json\/wp\/v2\/media\/6831"}],"wp:attachment":[{"href":"https:\/\/www.paulus.com.br\/assistencia-social\/wp-json\/wp\/v2\/media?parent=3266"}],"wp:term":[{"taxonomy":"post_tag","embeddable":true,"href":"https:\/\/www.paulus.com.br\/assistencia-social\/wp-json\/wp\/v2\/tags?post=3266"}],"curies":[{"name":"wp","href":"https:\/\/api.w.org\/{rel}","templated":true}]}}