{"id":3265,"date":"2017-11-17T09:40:13","date_gmt":"2017-11-17T11:40:13","guid":{"rendered":"http:\/\/www.paulus.com.br\/assistencia-social\/?post_type=noticias&#038;p=3265"},"modified":"2022-10-17T14:35:17","modified_gmt":"2022-10-17T17:35:17","slug":"cca-paulus-realiza-conclusao-de-percurso","status":"publish","type":"noticias","link":"https:\/\/www.paulus.com.br\/assistencia-social\/noticias\/cca-paulus-realiza-conclusao-de-percurso\/","title":{"rendered":"CCA PAULUS realiza conclus\u00e3o de percurso."},"content":{"rendered":"<p>Entre os dias 18 e 25 de outubro aconteceu a \u201cMostra de A\u00e7\u00f5es Protag\u00f4nicas\u201d, evento que finalizou o percurso \u201cProtagonismo\u201d iniciado no m\u00eas de agosto pelas crian\u00e7as e adolescentes dos Servi\u00e7os de Conviv\u00eancia e Fortalecimento de V\u00ednculos CCA Formando Cidad\u00e3os, CCA Paulus e CCA De Olho no Futuro. Todos estiveram muito envolvidos nas produ\u00e7\u00f5es de v\u00e1rias a\u00e7\u00f5es com base nas demandas infantil e adolescente.<\/p>\n<p>O tema foi \u201cO ser e o fazer\u201d, ancorado em situa\u00e7\u00f5es provocativas do cotidiano e na consciente necessidade de discutir, refletir e encontrar caminhos para a conviv\u00eancia em um mundo mais igual e justo. Para se chegar ao resultado pensado, foram realizados di\u00e1logos sobre o conhecimento do tema e o sentido a ele atribu\u00eddo; significado e melhor compreens\u00e3o tem\u00e1tica para coloc\u00e1-la em pr\u00e1tica juntamente com o p\u00fablico atendido; vota\u00e7\u00e3o das demandas para a a\u00e7\u00e3o; elabora\u00e7\u00e3o de roteiro, com tarefas para cada etapa, como a abordagem do tema, proje\u00e7\u00e3o das personagens, chuva de ideias, escrita do projeto de a\u00e7\u00e3o, execu\u00e7\u00e3o, finaliza\u00e7\u00e3o e culmin\u00e2ncia.<\/p>\n<p>Seguindo a proposta de protagonismo, em vez de os Orientadores Sociais prepararem as atividades para as crian\u00e7as e adolescentes as executarem, estes mesmos, dentro de seus grupos e de acordo com suas percep\u00e7\u00f5es, escolheram os assuntos que iriam tratar no trimestre, e tudo isso orientado pelo livro Meninas Equilibristas (de Alexandre Carvalho), que trata do protagonismo de crian\u00e7as e adolescentes dentro de uma comunidade.<\/p>\n<p>No CCA Paulus, as a\u00e7\u00f5es dos adolescentes sob os t\u00edtulos \u201cGosto de brincar, mas n\u00e3o sou um brinquedo\u201d, trataram do enfrentamento da viol\u00eancia sexual da multiplica\u00e7\u00e3o de pr\u00e1ticas de autodefesa. Esta a\u00e7\u00e3o aconteceu na Escola Municipal Pacciccaco; \u201cCaminho para a imagina\u00e7\u00e3o?\u201d desenvolveu-se em parceria com o CRAS Freguesia do \u00d3\/Brasil\u00e2ndia, buscando refor\u00e7ar o acervo bibliogr\u00e1fico desse equipamento dispon\u00edvel \u00e0s fam\u00edlias atendidas; \u201cPARE\u201d, a\u00e7\u00e3o em favor do enfrentamento ao uso de drogas e o alerta \u00e0 fase especial da adolesc\u00eancia que sofre as consequ\u00eancias pessoais, sociais e desencadeia conflito na rela\u00e7\u00e3o com seus familiares e a sociedade. Esta a\u00e7\u00e3o aconteceu na Pra\u00e7a Santa Marcela; \u201cSustentabilidade na gera\u00e7\u00e3o futura\u201d foi um alerta \u00e0 comunidade do entorno para um di\u00e1logo sobre os problemas reais enfrentados nas adjac\u00eancias do Servi\u00e7o, como a ocupa\u00e7\u00e3o de pra\u00e7as e espa\u00e7os p\u00fablicos adequados \u00e0 utiliza\u00e7\u00e3o e enquanto direito ao usufruto de todos. Esta a\u00e7\u00e3o foi realizada na Pra\u00e7a Ant\u00f4nia Espinosa Picerni.<\/p>\n<p>No Protagonismo Infantil, as a\u00e7\u00f5es foram \u201cTransitando com seguran\u00e7a\u201d, na qual realizaram uma mobiliza\u00e7\u00e3o dos moradores na Rua Dias Velho para reivindicar seguran\u00e7a e efetivar a sinaliza\u00e7\u00e3o de transito na via de acesso onde est\u00e1 localizado o Servi\u00e7o. Nessa a\u00e7\u00e3o esteve presente uma equipe da Companhia de Engenharia de Tr\u00e1fego (CET) para avaliar a solicita\u00e7\u00e3o, e \u201cA pra\u00e7a \u00e9 nossa\u201d, a\u00e7\u00e3o para alertar tanto os moradores da regi\u00e3o para a conserva\u00e7\u00e3o e preserva\u00e7\u00e3o da pra\u00e7a e dos equipamentos l\u00e1 instalados, tanto quanto da Subprefeitura da Freguesia\/Brasil\u00e2ndia como pelo ideal de pra\u00e7a p\u00fablica como direito de todos. Esta a\u00e7\u00e3o aconteceu tamb\u00e9m na Pra\u00e7a Ant\u00f4nia Espinosa Picerni, onde esteve presente um representante da Subprefeitura regional.<\/p>\n","protected":false},"featured_media":6838,"template":"","tags":[],"class_list":["post-3265","noticias","type-noticias","status-publish","has-post-thumbnail","hentry"],"acf":[],"_links":{"self":[{"href":"https:\/\/www.paulus.com.br\/assistencia-social\/wp-json\/wp\/v2\/noticias\/3265","targetHints":{"allow":["GET"]}}],"collection":[{"href":"https:\/\/www.paulus.com.br\/assistencia-social\/wp-json\/wp\/v2\/noticias"}],"about":[{"href":"https:\/\/www.paulus.com.br\/assistencia-social\/wp-json\/wp\/v2\/types\/noticias"}],"wp:featuredmedia":[{"embeddable":true,"href":"https:\/\/www.paulus.com.br\/assistencia-social\/wp-json\/wp\/v2\/media\/6838"}],"wp:attachment":[{"href":"https:\/\/www.paulus.com.br\/assistencia-social\/wp-json\/wp\/v2\/media?parent=3265"}],"wp:term":[{"taxonomy":"post_tag","embeddable":true,"href":"https:\/\/www.paulus.com.br\/assistencia-social\/wp-json\/wp\/v2\/tags?post=3265"}],"curies":[{"name":"wp","href":"https:\/\/api.w.org\/{rel}","templated":true}]}}