{"id":3238,"date":"2017-11-17T09:42:26","date_gmt":"2017-11-17T11:42:26","guid":{"rendered":"http:\/\/www.paulus.com.br\/assistencia-social\/?post_type=noticias&#038;p=3238"},"modified":"2022-10-17T14:10:18","modified_gmt":"2022-10-17T17:10:18","slug":"cca-formando-cidadaos-realiza-conclusao-de-percurso","status":"publish","type":"noticias","link":"https:\/\/www.paulus.com.br\/assistencia-social\/noticias\/cca-formando-cidadaos-realiza-conclusao-de-percurso\/","title":{"rendered":"CCA Formando Cidad\u00e3os realiza conclus\u00e3o de percurso."},"content":{"rendered":"<p><img loading=\"lazy\" decoding=\"async\" class=\"size-full wp-image-3248 alignleft\" src=\"http:\/\/www.paulus.com.br\/assistencia-social\/wp-content\/uploads\/2017\/11\/cca-formando-1.jpg\" alt=\"\" width=\"300\" height=\"200\">Entre os dias 18 e 25 de outubro aconteceu a \u201cMostra de A\u00e7\u00f5es Protag\u00f4nicas\u201d, evento que finalizou o percurso \u201cProtagonismo\u201d iniciado no m\u00eas de agosto pelas crian\u00e7as e adolescentes dos Servi\u00e7os de Conviv\u00eancia e Fortalecimento de V\u00ednculos CCA Formando Cidad\u00e3os, CCA Paulus e CCA De Olho no Futuro. Todos estiveram muito envolvidos nas produ\u00e7\u00f5es de v\u00e1rias a\u00e7\u00f5es com base nas demandas infantil e adolescente.<\/p>\n<p>O tema foi \u201cO ser e o fazer\u201d, ancorado em situa\u00e7\u00f5es provocativas do cotidiano e na consciente necessidade de discutir, refletir e encontrar caminhos para a conviv\u00eancia em um mundo mais igual e justo. Para se chegar ao resultado pensado, foram realizados di\u00e1logos sobre o conhecimento do tema e o sentido a ele atribu\u00eddo; significado e melhor compreens\u00e3o tem\u00e1tica para coloc\u00e1-la em pr\u00e1tica juntamente com o p\u00fablico atendido; vota\u00e7\u00e3o das demandas para a a\u00e7\u00e3o; elabora\u00e7\u00e3o de roteiro, com tarefas para cada etapa, como a abordagem do tema, proje\u00e7\u00e3o das personagens, chuva de ideias, escrita do projeto de a\u00e7\u00e3o, execu\u00e7\u00e3o, finaliza\u00e7\u00e3o e culmin\u00e2ncia.<\/p>\n<p>Seguindo a proposta de protagonismo, em vez de os Orientadores Sociais prepararem as atividades para as crian\u00e7as e adolescentes as executarem, estes mesmos, dentro de seus grupos e de acordo com suas percep\u00e7\u00f5es, escolheram os assuntos que iriam tratar no trimestre, e tudo isso orientado pelo livro Meninas Equilibristas (de Alexandre Carvalho), que trata do protagonismo de crian\u00e7as e adolescentes dentro de uma comunidade.<\/p>\n<p>&nbsp;<\/p>\n<p><strong>CCA Formando Cidad\u00e3os<\/strong><\/p>\n<p><img loading=\"lazy\" decoding=\"async\" class=\"wp-image-3287 alignleft\" src=\"http:\/\/www.paulus.com.br\/assistencia-social\/wp-content\/uploads\/2017\/11\/DSCN0632b.jpg\" alt=\"\" width=\"302\" height=\"252\" srcset=\"https:\/\/www.paulus.com.br\/assistencia-social\/wp-content\/uploads\/2017\/11\/DSCN0632b.jpg 3849w, https:\/\/www.paulus.com.br\/assistencia-social\/wp-content\/uploads\/2017\/11\/DSCN0632b-300x250.jpg 300w, https:\/\/www.paulus.com.br\/assistencia-social\/wp-content\/uploads\/2017\/11\/DSCN0632b-768x641.jpg 768w, https:\/\/www.paulus.com.br\/assistencia-social\/wp-content\/uploads\/2017\/11\/DSCN0632b-1024x854.jpg 1024w\" sizes=\"auto, (max-width: 302px) 100vw, 302px\" \/><\/p>\n<p>No Servi\u00e7o Formando Cidad\u00e3os, as crian\u00e7as e adolescentes s\u00e3o divididos em tr\u00eas grupos em cada per\u00edodo: azul, que s\u00e3o as crian\u00e7as de seis a oito anos; grupo verde, que s\u00e3o as crian\u00e7as de nove a 11 anos; e grupo vermelho, dos adolescentes de 12 anos ou mais. O grupo azul da manh\u00e3 escolheu o tema \u201cn\u00e3o julgar as pessoas pela apar\u00eancia\u201d para ser trabalhado, para transmitir essa mensagem, as crian\u00e7as reencenaram um epis\u00f3dio da s\u00e9rie <em>Chaves.<\/em> Os grupos verde e vermelho da manh\u00e3 se juntaram e trabalharam o tema \u201cpreconceito racial\u201d. Foram feitas conversas, debates, pesquisas, ida ao Museu Afro Brasil: tudo culminando em uma pe\u00e7a de teatro para expor a problem\u00e1tica existente h\u00e1 s\u00e9culos e que, ainda hoje, continua existindo. O grupo azul da tarde fez uma campanha do abra\u00e7o, com a constru\u00e7\u00e3o de um boneco com caixas, folhas, galhos e outros materiais recicl\u00e1veis, que foi batizado de Amorim. A a\u00e7\u00e3o foi feita nas imedia\u00e7\u00f5es do CCA, em uma pra\u00e7a e na comunidade onde muitos atendidos moram. A a\u00e7\u00e3o aconteceu em conjunto com o Grupo Verde, que fez uma campanha contra o bullying e pela paz com interven\u00e7\u00f5es musicais. As crian\u00e7as acompanharam os colegas do grupo azul na a\u00e7\u00e3o pelo territ\u00f3rio, cantando e ajudando divulgar a a\u00e7\u00e3o.<\/p>\n<p>&nbsp;<\/p>\n","protected":false},"featured_media":6828,"template":"","tags":[],"class_list":["post-3238","noticias","type-noticias","status-publish","has-post-thumbnail","hentry"],"acf":[],"_links":{"self":[{"href":"https:\/\/www.paulus.com.br\/assistencia-social\/wp-json\/wp\/v2\/noticias\/3238","targetHints":{"allow":["GET"]}}],"collection":[{"href":"https:\/\/www.paulus.com.br\/assistencia-social\/wp-json\/wp\/v2\/noticias"}],"about":[{"href":"https:\/\/www.paulus.com.br\/assistencia-social\/wp-json\/wp\/v2\/types\/noticias"}],"wp:featuredmedia":[{"embeddable":true,"href":"https:\/\/www.paulus.com.br\/assistencia-social\/wp-json\/wp\/v2\/media\/6828"}],"wp:attachment":[{"href":"https:\/\/www.paulus.com.br\/assistencia-social\/wp-json\/wp\/v2\/media?parent=3238"}],"wp:term":[{"taxonomy":"post_tag","embeddable":true,"href":"https:\/\/www.paulus.com.br\/assistencia-social\/wp-json\/wp\/v2\/tags?post=3238"}],"curies":[{"name":"wp","href":"https:\/\/api.w.org\/{rel}","templated":true}]}}