{"id":3216,"date":"2017-11-14T09:51:52","date_gmt":"2017-11-14T11:51:52","guid":{"rendered":"http:\/\/www.paulus.com.br\/assistencia-social\/?post_type=noticias&#038;p=3216"},"modified":"2022-10-17T14:44:21","modified_gmt":"2022-10-17T17:44:21","slug":"dialogos-do-suas-em-indaiatuba-sp-inaugura-nova-fase-do-evento","status":"publish","type":"noticias","link":"https:\/\/www.paulus.com.br\/assistencia-social\/noticias\/dialogos-do-suas-em-indaiatuba-sp-inaugura-nova-fase-do-evento\/","title":{"rendered":"\u201cDi\u00e1logos do SUAS\u201d em Indaiatuba-SP inaugura nova fase do evento\u00a0"},"content":{"rendered":"<p>Criado h\u00e1 pouco mais de dezoito meses , o evento \u201cDi\u00e1logos do SUAS\u201d da&nbsp;PAULUS&nbsp;j\u00e1 reuniu mais de 1600 pessoas em seis edi\u00e7\u00f5es, discutindo Assist\u00eancia Social, SUAS e mais uma cadeia de temas correlatos \u00e0 PNAS &#8211; Pol\u00edtica Nacional de Assist\u00eancia Social, sempre \u00e0 luz do enfoque te\u00f3rico-pr\u00e1tico e com a participa\u00e7\u00e3o dos usu\u00e1rios, trabalhadores e gestores dessa pol\u00edtica. No \u00faltimo dia 06 de novembro o sexto \u201cDi\u00e1logos\u201d aconteceu na cidade de Indaiatuba\/SP, pela primeira vez fora do munic\u00edpio de S\u00e3o Paulo, atendendo demanda da chamada regi\u00e3o de Campinas\/SP, com a representa\u00e7\u00e3o de mais de doze munic\u00edpios desse entorno e cerca de 30 Organiza\u00e7\u00f5es Sociais e agentes p\u00fablicos.<\/p>\n<p>Em parceria com a FEAI &#8211; Federa\u00e7\u00e3o das Entidades Assistenciais de Indaiatuba &#8211; o evento aconteceu na&nbsp;ANAI &#8211;&nbsp;Associa\u00e7\u00e3o Nazarena Assistencial de Indaiatuba &#8211; e oportunizou o debate sobre a fam\u00edlia contempor\u00e2nea na palestra principal e em oficina na parte da tarde.<br \/>\nAl\u00e9m desse tema foram realizadas oficinas sobre a Gest\u00e3o de Projetos Sociais, Acolhida nos Servi\u00e7os de Assist\u00eancia, Controle Social e a nova Legisla\u00e7\u00e3o Trabalhista e seus efeitos no campo da Assist\u00eancia Social.<\/p>\n<p>Al\u00e9m de movimentar os atores locais sobre o tema proposto, o evento avivou&nbsp;a l\u00f3gica de forma\u00e7\u00e3o continuada para o setor e fortaleceu a rede de aten\u00e7\u00e3o dos munic\u00edpios participantes .<\/p>\n<p>O Di\u00e1logos do SUAS \u00e9 uma proposta coletiva de forma\u00e7\u00e3o na PNAS da PAULUS, por meio de seu N\u00facleo de Forma\u00e7\u00e3o, Pesquisa e Dissemina\u00e7\u00e3o Social e integra o programa de Assessoramento da Institui\u00e7\u00e3o, realizado em todo o pa\u00eds.<\/p>\n","protected":false},"featured_media":3218,"template":"","tags":[],"class_list":["post-3216","noticias","type-noticias","status-publish","has-post-thumbnail","hentry"],"acf":[],"_links":{"self":[{"href":"https:\/\/www.paulus.com.br\/assistencia-social\/wp-json\/wp\/v2\/noticias\/3216","targetHints":{"allow":["GET"]}}],"collection":[{"href":"https:\/\/www.paulus.com.br\/assistencia-social\/wp-json\/wp\/v2\/noticias"}],"about":[{"href":"https:\/\/www.paulus.com.br\/assistencia-social\/wp-json\/wp\/v2\/types\/noticias"}],"wp:featuredmedia":[{"embeddable":true,"href":"https:\/\/www.paulus.com.br\/assistencia-social\/wp-json\/wp\/v2\/media\/3218"}],"wp:attachment":[{"href":"https:\/\/www.paulus.com.br\/assistencia-social\/wp-json\/wp\/v2\/media?parent=3216"}],"wp:term":[{"taxonomy":"post_tag","embeddable":true,"href":"https:\/\/www.paulus.com.br\/assistencia-social\/wp-json\/wp\/v2\/tags?post=3216"}],"curies":[{"name":"wp","href":"https:\/\/api.w.org\/{rel}","templated":true}]}}