{"id":3211,"date":"2017-11-13T14:38:17","date_gmt":"2017-11-13T16:38:17","guid":{"rendered":"http:\/\/www.paulus.com.br\/assistencia-social\/?post_type=noticias&#038;p=3211"},"modified":"2022-10-17T14:55:35","modified_gmt":"2022-10-17T17:55:35","slug":"controle-social-e-genero-sao-temas-de-formacao-em-cuiaba-mt","status":"publish","type":"noticias","link":"https:\/\/www.paulus.com.br\/assistencia-social\/noticias\/controle-social-e-genero-sao-temas-de-formacao-em-cuiaba-mt\/","title":{"rendered":"Controle Social e G\u00eanero s\u00e3o temas de forma\u00e7\u00e3o em Cuiab\u00e1-MT"},"content":{"rendered":"<div>\n<p>Para fechar a programa\u00e7\u00e3o anual da parceria PAULUS e CMAS &#8211; Conselho Municipal de Assist\u00eancia Social de Cuiab\u00e1-MT, acontece nesses dias 13 e 14 de novembro a forma\u00e7\u00e3o de Conselheiros Municipais de oito segmentos da sociedade civil (Assist\u00eancia Social, Crian\u00e7a e Adolescente, Idoso, GLBT, Direitos da Mulher, Diversidade Racial, Seguran\u00e7a Alimentar e Pessoa com Defici\u00eancia).<\/p>\n<p>Com a condu\u00e7\u00e3o de conte\u00fado pela Professora Doutora Francisca Pini, o curso de 16 horas iniciou com a participa\u00e7\u00e3o do Secret\u00e1rio Municipal de Assist\u00eancia Social, Wilton Coelho e os presidentes de Conselhos, representados pela pela Presidente do CMAS Professora Ruth Leite da Silva.<\/p>\n<p>O N\u00facleo PAULUS de Forma\u00e7\u00e3o, Pesquisa e Dissemina\u00e7\u00e3o Social est\u00e1 presente no evento garantindo a efetiva atua\u00e7\u00e3o da PAULUS junto \u00e0s parcerias estrat\u00e9gicas no pa\u00eds afora.<\/p>\n<p>A atividade faz parte do Programa de Assessoramento da PAULUS no campo da Assist\u00eancia Social realizado em todo o pa\u00eds, abordando as diversas tem\u00e1ticas que qualificam o SUAS &#8211; Sistema \u00danico de Assist\u00eancia Social na sociedade brasileira.<\/p>\n<\/div>\n<div><\/div>\n<div><\/div>\n","protected":false},"featured_media":6842,"template":"","tags":[],"class_list":["post-3211","noticias","type-noticias","status-publish","has-post-thumbnail","hentry"],"acf":[],"_links":{"self":[{"href":"https:\/\/www.paulus.com.br\/assistencia-social\/wp-json\/wp\/v2\/noticias\/3211","targetHints":{"allow":["GET"]}}],"collection":[{"href":"https:\/\/www.paulus.com.br\/assistencia-social\/wp-json\/wp\/v2\/noticias"}],"about":[{"href":"https:\/\/www.paulus.com.br\/assistencia-social\/wp-json\/wp\/v2\/types\/noticias"}],"wp:featuredmedia":[{"embeddable":true,"href":"https:\/\/www.paulus.com.br\/assistencia-social\/wp-json\/wp\/v2\/media\/6842"}],"wp:attachment":[{"href":"https:\/\/www.paulus.com.br\/assistencia-social\/wp-json\/wp\/v2\/media?parent=3211"}],"wp:term":[{"taxonomy":"post_tag","embeddable":true,"href":"https:\/\/www.paulus.com.br\/assistencia-social\/wp-json\/wp\/v2\/tags?post=3211"}],"curies":[{"name":"wp","href":"https:\/\/api.w.org\/{rel}","templated":true}]}}