{"id":3174,"date":"2017-10-31T13:21:15","date_gmt":"2017-10-31T15:21:15","guid":{"rendered":"http:\/\/www.paulus.com.br\/assistencia-social\/?post_type=noticias&#038;p=3174"},"modified":"2022-10-17T15:05:17","modified_gmt":"2022-10-17T18:05:17","slug":"grande-recife-recebe-a-paulus-com-o-curso-de-extensao-para-orientadores-sociais","status":"publish","type":"noticias","link":"https:\/\/www.paulus.com.br\/assistencia-social\/noticias\/grande-recife-recebe-a-paulus-com-o-curso-de-extensao-para-orientadores-sociais\/","title":{"rendered":"Grande Recife recebe a PAULUS com o Curso de Extens\u00e3o para Orientadores Sociais"},"content":{"rendered":"\n<div class=\"wp-block-group\"><div class=\"wp-block-group__inner-container is-layout-flow wp-block-group-is-layout-flow\">\n<p>Nos dias 30, 31 de outubro e 01 de novembro, a regi\u00e3o metropolitana do Recife\/PE recebe o curso de Orientador Social, proposto e realizado pela PAULUS em parceria com as Secretarias Municipais de 14 munic\u00edpios do Estado de Pernambuco. S\u00e3o 65 profissionais, Orientadores Sociais dos Servi\u00e7os de Conviv\u00eancia e Fortalecimento de V\u00ednculos, participando do primeiro m\u00f3dulo do curso, que se prolongar\u00e1 por 75h atividades at\u00e9 o m\u00eas de mar\u00e7o de 2018.<\/p>\n\n\n\n<p>A abertura da programa\u00e7\u00e3o e todo esse primeiro m\u00f3dulo acontecem no munic\u00edpio de Camaragibe, que recebeu o evento com a presen\u00e7a do Secret\u00e1rio de Assist\u00eancia Social Edvaldo Jos\u00e9 J\u00fanior e sua equipe empenhada em tornar o momento marcante para os trabalhadores envolvidos. O facilitador pela PAULUS &nbsp;nessa fase \u00e9 o professor Aguinaldo Geremias.<\/p>\n\n\n\n<p>A pr\u00f3xima etapa do curso acontecer\u00e1 no munic\u00edpio de Paulista. O Curso para Orientadores Sociais faz parte do Programa de Assessoramento na Assist\u00eancia Social da PAULUS, realizado pelo N\u00facleo PAULUS de Forma\u00e7\u00e3o, Pesquisa e Dissemina\u00e7\u00e3o Social, durante o ano inteiro em todo o pa\u00eds.<\/p>\n<\/div><\/div>\n","protected":false},"featured_media":6846,"template":"","tags":[],"class_list":["post-3174","noticias","type-noticias","status-publish","has-post-thumbnail","hentry"],"acf":[],"_links":{"self":[{"href":"https:\/\/www.paulus.com.br\/assistencia-social\/wp-json\/wp\/v2\/noticias\/3174","targetHints":{"allow":["GET"]}}],"collection":[{"href":"https:\/\/www.paulus.com.br\/assistencia-social\/wp-json\/wp\/v2\/noticias"}],"about":[{"href":"https:\/\/www.paulus.com.br\/assistencia-social\/wp-json\/wp\/v2\/types\/noticias"}],"wp:featuredmedia":[{"embeddable":true,"href":"https:\/\/www.paulus.com.br\/assistencia-social\/wp-json\/wp\/v2\/media\/6846"}],"wp:attachment":[{"href":"https:\/\/www.paulus.com.br\/assistencia-social\/wp-json\/wp\/v2\/media?parent=3174"}],"wp:term":[{"taxonomy":"post_tag","embeddable":true,"href":"https:\/\/www.paulus.com.br\/assistencia-social\/wp-json\/wp\/v2\/tags?post=3174"}],"curies":[{"name":"wp","href":"https:\/\/api.w.org\/{rel}","templated":true}]}}