{"id":3161,"date":"2017-10-25T11:36:06","date_gmt":"2017-10-25T13:36:06","guid":{"rendered":"http:\/\/www.paulus.com.br\/assistencia-social\/?post_type=noticias&#038;p=3161"},"modified":"2022-10-17T15:09:24","modified_gmt":"2022-10-17T18:09:24","slug":"formacao-do-programa-direito-e-cidadania-acontece-em-caxias-do-sulrs","status":"publish","type":"noticias","link":"https:\/\/www.paulus.com.br\/assistencia-social\/noticias\/formacao-do-programa-direito-e-cidadania-acontece-em-caxias-do-sulrs\/","title":{"rendered":"Forma\u00e7\u00e3o do Programa Direito e Cidadania acontece em Caxias do Sul\/RS"},"content":{"rendered":"<p>Nos dias 23 e 24 de outubro a cidade de Caxias do Sul\/RS recebe a forma\u00e7\u00e3o \u201cDe v\u00ednculos e conviv\u00eancias, os diversos interesses e sociabilidades para a cidadania infanto-juvenil\u201d. O encontro \u00e9 resultado da parceria entre a Assist\u00eancia Social PAULUS, a Legi\u00e3o Franciscana de Assist\u00eancia aos Necessitados (LEFAN) e o Conselho Municipal de Assist\u00eancia Social de Caxias do Sul\/RS.<\/p>\n<p>O curso, com carga hor\u00e1ria de 16h, acontece na Universidade de Caxias do Sul (UCS) e conta com a presen\u00e7a de representantes de 20 entidades socioassistenciais. Ministrada por C\u00e9lio Vanderlei Moraes, membro da equipe de formadores da PAULUS, a forma\u00e7\u00e3o contempla a segunda etapa do Programa Direito e Cidadania e tem como p\u00fablico alo orientadores sociais atuantes em servi\u00e7os de conviv\u00eancia e fortalecimento de v\u00ednculos.<\/p>\n<p>Nesta etapa o kit de livros do Programa Direito e Cidadania \u00e9 apresentado aos orientadores sociais. A partir deste contato, estes profissionais s\u00e3o provocados a elaborar nos Servi\u00e7os de Conviv\u00eancia em que atuam percursos que usem os livros como refer\u00eancia para debates e interven\u00e7\u00f5es com as crian\u00e7as.<\/p>\n<p>O Programa Direito e Cidadania integra as a\u00e7\u00f5es do Programa de Assessoramento e Garantia de Direitos PAULUS, que realiza atividades em todo o Brasil abordando diversas tem\u00e1ticas da Pol\u00edtica P\u00fablica de Assist\u00eancia Social.<\/p>\n","protected":false},"featured_media":6848,"template":"","tags":[],"class_list":["post-3161","noticias","type-noticias","status-publish","has-post-thumbnail","hentry"],"acf":[],"_links":{"self":[{"href":"https:\/\/www.paulus.com.br\/assistencia-social\/wp-json\/wp\/v2\/noticias\/3161","targetHints":{"allow":["GET"]}}],"collection":[{"href":"https:\/\/www.paulus.com.br\/assistencia-social\/wp-json\/wp\/v2\/noticias"}],"about":[{"href":"https:\/\/www.paulus.com.br\/assistencia-social\/wp-json\/wp\/v2\/types\/noticias"}],"wp:featuredmedia":[{"embeddable":true,"href":"https:\/\/www.paulus.com.br\/assistencia-social\/wp-json\/wp\/v2\/media\/6848"}],"wp:attachment":[{"href":"https:\/\/www.paulus.com.br\/assistencia-social\/wp-json\/wp\/v2\/media?parent=3161"}],"wp:term":[{"taxonomy":"post_tag","embeddable":true,"href":"https:\/\/www.paulus.com.br\/assistencia-social\/wp-json\/wp\/v2\/tags?post=3161"}],"curies":[{"name":"wp","href":"https:\/\/api.w.org\/{rel}","templated":true}]}}