{"id":3140,"date":"2017-10-06T16:58:59","date_gmt":"2017-10-06T19:58:59","guid":{"rendered":"http:\/\/www.paulus.com.br\/assistencia-social\/?post_type=noticias&#038;p=3140"},"modified":"2022-10-17T15:15:06","modified_gmt":"2022-10-17T18:15:06","slug":"assistencia-social-paulus-realiza-encerramento-de-curso-sobre-violencia-contra-a-mulher","status":"publish","type":"noticias","link":"https:\/\/www.paulus.com.br\/assistencia-social\/noticias\/assistencia-social-paulus-realiza-encerramento-de-curso-sobre-violencia-contra-a-mulher\/","title":{"rendered":"Assist\u00eancia Social PAULUS realiza encerramento de curso sobre viol\u00eancia contra a mulher"},"content":{"rendered":"<p>Nesta sexta-feira, dia 06 de outubro, o Curso de Extens\u00e3o Comunit\u00e1ria \u201cCREAS e a constru\u00e7\u00e3o do Servi\u00e7o de Acolhimento \u00e0s mulheres v\u00edtimas de viol\u00eancia\u201d realizou sua banca de encerramento. Foram apresentados 10 artigos cient\u00edficos, orientados a partir da forma\u00e7\u00e3o que discutiu aspectos hist\u00f3ricos e conceituais da Pol\u00edtica P\u00fablica de Assist\u00eancia Social, contextualizando o servi\u00e7o de alta complexidade para mulheres v\u00edtimas de viol\u00eancia.<\/p>\n<p>O curso foi ministrado por Francisca Pini, atual diretora pedag\u00f3gica do Instituto Paulo Freire e formadora de longa data da Assist\u00eancia Social PAULUS. Os artigos foram avaliados e debatidos pela Dra. Mirela Ferraz, Doutora em Servi\u00e7o Social pela PUC\/SP com a tese \u201cAs trajet\u00f3rias de vida das mulheres mediadas pela assist\u00eancia social: a realidade da Casa Verde\/SP\u201d.<\/p>\n<p>O evento marcou com sucesso a culmin\u00e2ncia da primeira a\u00e7\u00e3o de Assessoramento do N\u00facleo PAULUS de Forma\u00e7\u00e3o, Pesquisa e Dissemina\u00e7\u00e3o Social com esta tem\u00e1tica.<\/p>\n","protected":false},"featured_media":6850,"template":"","tags":[],"class_list":["post-3140","noticias","type-noticias","status-publish","has-post-thumbnail","hentry"],"acf":[],"_links":{"self":[{"href":"https:\/\/www.paulus.com.br\/assistencia-social\/wp-json\/wp\/v2\/noticias\/3140","targetHints":{"allow":["GET"]}}],"collection":[{"href":"https:\/\/www.paulus.com.br\/assistencia-social\/wp-json\/wp\/v2\/noticias"}],"about":[{"href":"https:\/\/www.paulus.com.br\/assistencia-social\/wp-json\/wp\/v2\/types\/noticias"}],"wp:featuredmedia":[{"embeddable":true,"href":"https:\/\/www.paulus.com.br\/assistencia-social\/wp-json\/wp\/v2\/media\/6850"}],"wp:attachment":[{"href":"https:\/\/www.paulus.com.br\/assistencia-social\/wp-json\/wp\/v2\/media?parent=3140"}],"wp:term":[{"taxonomy":"post_tag","embeddable":true,"href":"https:\/\/www.paulus.com.br\/assistencia-social\/wp-json\/wp\/v2\/tags?post=3140"}],"curies":[{"name":"wp","href":"https:\/\/api.w.org\/{rel}","templated":true}]}}