{"id":3130,"date":"2017-10-02T10:35:39","date_gmt":"2017-10-02T13:35:39","guid":{"rendered":"http:\/\/www.paulus.com.br\/assistencia-social\/?post_type=noticias&#038;p=3130"},"modified":"2022-10-17T15:25:32","modified_gmt":"2022-10-17T18:25:32","slug":"formacao-do-programa-direito-e-cidadania-acontece-em-sorocabasp","status":"publish","type":"noticias","link":"https:\/\/www.paulus.com.br\/assistencia-social\/noticias\/formacao-do-programa-direito-e-cidadania-acontece-em-sorocabasp\/","title":{"rendered":"Forma\u00e7\u00e3o do Programa Direito e Cidadania acontece em Sorocaba\/SP"},"content":{"rendered":"<p>Nos dias 27 e 28 de setembro a cidade de Sorocaba\/SP recebeu a forma\u00e7\u00e3o \u201cDe v\u00ednculos e conviv\u00eancias, os diversos interesses e sociabilidades para a cidadania infantojuvenil\u201d, segunda etapa do Programa Direito e Cidadania. O encontro, que aconteceu na Secretaria de Igualdade e Assist\u00eancia Social, \u00e9 resultado da parceria entre PAULUS e o Conselho Municipal de Assist\u00eancia Social de Sorocaba, e contou com a presen\u00e7a de representantes de 25 entidades da regi\u00e3o.<\/p>\n<p>Ministrada por Luciano Costa, membro da equipe de formadores da PAULUS, e com carga hor\u00e1ria de 16h, a forma\u00e7\u00e3o apresenta aos orientadores sociais o kit de livros do Programa. A partir deste contato estes profissionais s\u00e3o provocados a elaborar nos Servi\u00e7os de Conviv\u00eancia em que atuam percursos que usem os livros como refer\u00eancia para debates e interven\u00e7\u00f5es com as crian\u00e7as.<\/p>\n<p>Ap\u00f3s a forma\u00e7\u00e3o, as institui\u00e7\u00f5es participantes receberem o kit de livros do Programa, que s\u00e3o ent\u00e3o distribu\u00eddos \u00e0s crian\u00e7as e adolescentes atendidos pelos servi\u00e7os, norteando assim diversas propostas de atividades.<\/p>\n<p>O Programa Direito e Cidadania integra as a\u00e7\u00f5es do Programa de Assessoramento e Garantia de Direitos PAULUS, que realiza atividades em todo o Brasil abordando diversas tem\u00e1ticas da Pol\u00edtica P\u00fablica de Assist\u00eancia Social.<\/p>\n","protected":false},"featured_media":6852,"template":"","tags":[],"class_list":["post-3130","noticias","type-noticias","status-publish","has-post-thumbnail","hentry"],"acf":[],"_links":{"self":[{"href":"https:\/\/www.paulus.com.br\/assistencia-social\/wp-json\/wp\/v2\/noticias\/3130","targetHints":{"allow":["GET"]}}],"collection":[{"href":"https:\/\/www.paulus.com.br\/assistencia-social\/wp-json\/wp\/v2\/noticias"}],"about":[{"href":"https:\/\/www.paulus.com.br\/assistencia-social\/wp-json\/wp\/v2\/types\/noticias"}],"wp:featuredmedia":[{"embeddable":true,"href":"https:\/\/www.paulus.com.br\/assistencia-social\/wp-json\/wp\/v2\/media\/6852"}],"wp:attachment":[{"href":"https:\/\/www.paulus.com.br\/assistencia-social\/wp-json\/wp\/v2\/media?parent=3130"}],"wp:term":[{"taxonomy":"post_tag","embeddable":true,"href":"https:\/\/www.paulus.com.br\/assistencia-social\/wp-json\/wp\/v2\/tags?post=3130"}],"curies":[{"name":"wp","href":"https:\/\/api.w.org\/{rel}","templated":true}]}}