{"id":3101,"date":"2017-09-25T15:25:45","date_gmt":"2017-09-25T18:25:45","guid":{"rendered":"http:\/\/www.paulus.com.br\/assistencia-social\/?post_type=noticias&#038;p=3101"},"modified":"2022-10-17T15:38:39","modified_gmt":"2022-10-17T18:38:39","slug":"segundo-modulo-de-curso-para-orientadores-sociais-acontece-em-belempa","status":"publish","type":"noticias","link":"https:\/\/www.paulus.com.br\/assistencia-social\/noticias\/segundo-modulo-de-curso-para-orientadores-sociais-acontece-em-belempa\/","title":{"rendered":"Segundo m\u00f3dulo do curso para Orientadores Sociais acontece em Bel\u00e9m\/PA"},"content":{"rendered":"<p>Os munic\u00edpios da grande Bel\u00e9m\/PA recebem ao longo dessa semana, entre os dias 25 e 27 de setembro, o m\u00f3dulo II do Curso de Extens\u00e3o Comunit\u00e1ria \u201cO Orientador Social na Pr\u00e1tica do cotidiano institucional\u201d. As atividades propostas discutem a metodologia do trabalho social e as orienta\u00e7\u00f5es para elabora\u00e7\u00e3o do Artigo Final, trabalho de culmin\u00e2ncia do curso a ser apresentado durante o pr\u00f3ximo m\u00eas de novembro.<\/p>\n<p>Esse percurso formativo foi iniciado no \u00faltimo dia 04 deste m\u00eas, e mant\u00e9m seu p\u00fablico inicial de 70 profissionais de 08 munic\u00edpios, em parceria com o CMAS \u2013 Conselho Municipal de Assist\u00eancia Social \u2013 e do NAC \u2013 N\u00facleo de Articula\u00e7\u00e3o da Cidadania.<\/p>\n<p>O conte\u00fado deste m\u00f3dulo \u00e9 apresentado pelo formador C\u00e9lio Vanderlei Moraes, mestre em Sociologia Pol\u00edtica e lideran\u00e7a social, al\u00e9m pertencer ao grupo eventual de formadores da PAULUS.<\/p>\n<p>A atividade de Assessoramento no campo da Assist\u00eancia Social da PAULUS acontece em todo o pa\u00eds e desta vez \u00e9 realizada em Bel\u00e9m\/PA, na Escola Superior da Amaz\u00f4nia \u2013 ESMAZ \u2013, e precede a etapa do curso que discutir\u00e1 a Acolhida nos Servi\u00e7os socioassistenciais, que ser\u00e1 realizada nos dias 16 e 17 de outubro.<\/p>\n","protected":false},"featured_media":6854,"template":"","tags":[],"class_list":["post-3101","noticias","type-noticias","status-publish","has-post-thumbnail","hentry"],"acf":[],"_links":{"self":[{"href":"https:\/\/www.paulus.com.br\/assistencia-social\/wp-json\/wp\/v2\/noticias\/3101","targetHints":{"allow":["GET"]}}],"collection":[{"href":"https:\/\/www.paulus.com.br\/assistencia-social\/wp-json\/wp\/v2\/noticias"}],"about":[{"href":"https:\/\/www.paulus.com.br\/assistencia-social\/wp-json\/wp\/v2\/types\/noticias"}],"wp:featuredmedia":[{"embeddable":true,"href":"https:\/\/www.paulus.com.br\/assistencia-social\/wp-json\/wp\/v2\/media\/6854"}],"wp:attachment":[{"href":"https:\/\/www.paulus.com.br\/assistencia-social\/wp-json\/wp\/v2\/media?parent=3101"}],"wp:term":[{"taxonomy":"post_tag","embeddable":true,"href":"https:\/\/www.paulus.com.br\/assistencia-social\/wp-json\/wp\/v2\/tags?post=3101"}],"curies":[{"name":"wp","href":"https:\/\/api.w.org\/{rel}","templated":true}]}}