{"id":3042,"date":"2017-09-21T16:52:41","date_gmt":"2017-09-21T19:52:41","guid":{"rendered":"http:\/\/www.paulus.com.br\/assistencia-social\/?post_type=noticias&#038;p=3042"},"modified":"2022-10-17T16:48:20","modified_gmt":"2022-10-17T19:48:20","slug":"evento-dialogo-do-suas-tem-nova-edicao-em-sao-paulo","status":"publish","type":"noticias","link":"https:\/\/www.paulus.com.br\/assistencia-social\/noticias\/evento-dialogo-do-suas-tem-nova-edicao-em-sao-paulo\/","title":{"rendered":"Evento \u201cDi\u00e1logo do SUAS\u201d tem nova edi\u00e7\u00e3o em S\u00e3o Paulo."},"content":{"rendered":"\n<p>Na \u00faltima quarta-feira, dia 20 de setembro, aconteceu na Faculdade PAULUS de Comunica\u00e7\u00e3o &#8211; FAPCOM &#8211; o \u201cV Di\u00e1logos do SUAS\u201d. Realizado em parceria com o N\u00facleo Cora\u00e7\u00e3o Materno, o j\u00e1 tradicional evento reuniu mais de 300 profissionais atuantes na Pol\u00edtica de Assist\u00eancia Social com o tema \u201cServi\u00e7os e Programas do SUAS: O cotidiano da Pr\u00e1tica Institucional\u201d.<\/p>\n\n\n\n<p>No in\u00edcio do evento, Aurimar Pacheco, coordenador do N\u00facleo PAULUS de Assessoramento convidou ao palco do audit\u00f3rio Tiago Alberione Dulcin\u00e9ia Reginato, gerente da Assist\u00eancia Social PAULUS e Bernadete Rosa, diretora do Centro de Atendimento \u00e0 Crian\u00e7a e ao Adolescente Cora\u00e7\u00e3o Materno, para as falas iniciais. Ambas refor\u00e7aram a import\u00e2ncia do evento, sinalizando a necessidade de se debater e refletir constantemente as particularidades do Sistema \u00danico de Assist\u00eancia Social. Em seguida, o Coral do N\u00facleo de Conviv\u00eancia para Idosos &#8211; Cora\u00e7\u00e3o Materno presenteou o p\u00fablico com um pouco da cultura paraense, cantando m\u00fasicas tradicionais e com uma apresenta\u00e7\u00e3o de Carimb\u00f3.<\/p>\n\n\n\n<figure class=\"wp-block-image size-full\"><a href=\"https:\/\/www.paulus.com.br\/assistencia-social\/wp-content\/uploads\/2022\/10\/716-dialogos-do-suas.jpg\"><img loading=\"lazy\" decoding=\"async\" width=\"716\" height=\"444\" src=\"https:\/\/www.paulus.com.br\/assistencia-social\/wp-content\/uploads\/2022\/10\/716-dialogos-do-suas.jpg\" alt=\"\" class=\"wp-image-6859\" srcset=\"https:\/\/www.paulus.com.br\/assistencia-social\/wp-content\/uploads\/2022\/10\/716-dialogos-do-suas.jpg 716w, https:\/\/www.paulus.com.br\/assistencia-social\/wp-content\/uploads\/2022\/10\/716-dialogos-do-suas-300x186.jpg 300w\" sizes=\"auto, (max-width: 716px) 100vw, 716px\" \/><\/a><\/figure>\n\n\n\n<p>A palestra de abertura, realizada por Silvia Jeni Pereira de Brito, Diretora T\u00e9cnica da Secretaria de Assist\u00eancia Social e Seguran\u00e7a T\u00e9cnica Alimentar de Campinas\/SP, aprofundou-se no tema do evento. Explanando caracter\u00edsticas estruturais do SUAS, foi poss\u00edvel analisar as situa\u00e7\u00f5es comumente encontradas pelos trabalhadores atuantes na Assist\u00eancia Social em seu dia a dia.<\/p>\n\n\n\n<p>Durante a tarde os participantes tiveram a oportunidade de escolher entre oito oficinas de forma\u00e7\u00e3o, com temas como \u201cViol\u00eancia e abuso sexual de crian\u00e7as e adolescentes: como abordar?\u201d; \u201cFam\u00edlia, fortalecimento de v\u00ednculos e o trabalho na rede, possibilidades e desafios\u201d e \u201cCuidando da sa\u00fade emocional e bem estar na vida pessoal e profissional\u201d.<\/p>\n\n\n\n<p>Realizado desde julho de 2016, o \u201cDi\u00e1logo do SUAS\u201d mais uma vez repetiu sua f\u00f3rmula de sucesso, garantindo um cuidadoso aprofundamento e matura\u00e7\u00e3o para o vasto p\u00fablico presente. O encontro j\u00e1 conta com p\u00fablico cativo e sempre atrai novos interessados em ampliar suas perspectivas acerca da aplica\u00e7\u00e3o da Pol\u00edtica de Assist\u00eancia Social no pa\u00eds, possibilitando assim uma atua\u00e7\u00e3o cada vez mais f\u00e9rtil e efetiva.<\/p>\n","protected":false},"featured_media":6856,"template":"","tags":[],"class_list":["post-3042","noticias","type-noticias","status-publish","has-post-thumbnail","hentry"],"acf":[],"_links":{"self":[{"href":"https:\/\/www.paulus.com.br\/assistencia-social\/wp-json\/wp\/v2\/noticias\/3042","targetHints":{"allow":["GET"]}}],"collection":[{"href":"https:\/\/www.paulus.com.br\/assistencia-social\/wp-json\/wp\/v2\/noticias"}],"about":[{"href":"https:\/\/www.paulus.com.br\/assistencia-social\/wp-json\/wp\/v2\/types\/noticias"}],"wp:featuredmedia":[{"embeddable":true,"href":"https:\/\/www.paulus.com.br\/assistencia-social\/wp-json\/wp\/v2\/media\/6856"}],"wp:attachment":[{"href":"https:\/\/www.paulus.com.br\/assistencia-social\/wp-json\/wp\/v2\/media?parent=3042"}],"wp:term":[{"taxonomy":"post_tag","embeddable":true,"href":"https:\/\/www.paulus.com.br\/assistencia-social\/wp-json\/wp\/v2\/tags?post=3042"}],"curies":[{"name":"wp","href":"https:\/\/api.w.org\/{rel}","templated":true}]}}