{"id":3035,"date":"2017-09-19T10:40:35","date_gmt":"2017-09-19T13:40:35","guid":{"rendered":"http:\/\/www.paulus.com.br\/assistencia-social\/?post_type=noticias&#038;p=3035"},"modified":"2022-10-17T17:09:29","modified_gmt":"2022-10-17T20:09:29","slug":"paulus-em-cuiaba-mt-promove-formacao-em-parceria-com-cmas-e-secretaria-municipal-de-assistencia","status":"publish","type":"noticias","link":"https:\/\/www.paulus.com.br\/assistencia-social\/noticias\/paulus-em-cuiaba-mt-promove-formacao-em-parceria-com-cmas-e-secretaria-municipal-de-assistencia\/","title":{"rendered":"PAULUS em Cuiab\u00e1 (MT), promove forma\u00e7\u00e3o em parceria com CMAS e Secretaria Municipal de Assist\u00eancia."},"content":{"rendered":"<p>Nos dias 18 e 19 setembro, realiza-se &nbsp;em Cuiab\u00e1 (MT) a oficina de trabalho do Programa Direito e Cidadania.<\/p>\n<p>Participam 49 Orientadores Sociais e representantes de cerca de 28 Organiza\u00e7\u00f5es Sociais da grande Cuiab\u00e1, todos do segmento da Pol\u00edtica de Assist\u00eancia Social.<\/p>\n<p>A abertura contou com a participa\u00e7\u00e3o da Presidente do CMAS. &#8211; Conselho Municipal de Assist\u00eancia Social Professora Ruth Leite, do Secret\u00e1rio &nbsp;de Assist\u00eancia Assist\u00eancia Social e Desenvolvimento Humano, Wilton Coelho, demais representa\u00e7\u00f5es de Conselhos locais e da PAULUS.<\/p>\n<p>O curso \u00e9 mais uma atividade de Assessoramento com foco nos Servi\u00e7os de Conviv\u00eancia e Fortalecimento de V\u00ednculos &nbsp;desenvolvida no pa\u00eds, considerando as cinco regi\u00f5es. Segundo a Gerente Social da PAULUS, a Assistente Social Dulcin\u00e9ia Reginato, &#8221; a presen\u00e7a da PAULUS em todo o pa\u00eds \u00e9 fundamental para cumprir sua contribui\u00e7\u00e3o, pelo Assessoramento, &nbsp;na consolida\u00e7\u00e3o &nbsp;do SUAS&#8221;.<\/p>\n","protected":false},"featured_media":6860,"template":"","tags":[],"class_list":["post-3035","noticias","type-noticias","status-publish","has-post-thumbnail","hentry"],"acf":[],"_links":{"self":[{"href":"https:\/\/www.paulus.com.br\/assistencia-social\/wp-json\/wp\/v2\/noticias\/3035","targetHints":{"allow":["GET"]}}],"collection":[{"href":"https:\/\/www.paulus.com.br\/assistencia-social\/wp-json\/wp\/v2\/noticias"}],"about":[{"href":"https:\/\/www.paulus.com.br\/assistencia-social\/wp-json\/wp\/v2\/types\/noticias"}],"wp:featuredmedia":[{"embeddable":true,"href":"https:\/\/www.paulus.com.br\/assistencia-social\/wp-json\/wp\/v2\/media\/6860"}],"wp:attachment":[{"href":"https:\/\/www.paulus.com.br\/assistencia-social\/wp-json\/wp\/v2\/media?parent=3035"}],"wp:term":[{"taxonomy":"post_tag","embeddable":true,"href":"https:\/\/www.paulus.com.br\/assistencia-social\/wp-json\/wp\/v2\/tags?post=3035"}],"curies":[{"name":"wp","href":"https:\/\/api.w.org\/{rel}","templated":true}]}}