{"id":3028,"date":"2017-09-14T10:42:36","date_gmt":"2017-09-14T13:42:36","guid":{"rendered":"http:\/\/www.paulus.com.br\/assistencia-social\/?post_type=noticias&#038;p=3028"},"modified":"2022-10-18T10:49:55","modified_gmt":"2022-10-18T13:49:55","slug":"zona-da-mata-mineira-recebe-o-programa-direito-e-cidadania-da-paulus","status":"publish","type":"noticias","link":"https:\/\/www.paulus.com.br\/assistencia-social\/noticias\/zona-da-mata-mineira-recebe-o-programa-direito-e-cidadania-da-paulus\/","title":{"rendered":"Zona da Mata mineira recebe o Programa Direito e Cidadania da PAULUS"},"content":{"rendered":"<p>Dez munic\u00edpios da regi\u00e3o da Zona da Mata do Estado de Minas Gerais participam durante os dias 13 e 14 de setembro da forma\u00e7\u00e3o \u201cDe v\u00ednculos e conviv\u00eancias, os diversos interesses e sociabilidades para a cidadania infanto-juvenil\u201d, voltada para trabalhadores na \u00e1rea social. A capacita\u00e7\u00e3o acontece na cidade de Rio Novo e atrai profissionais em um raio de 70 km no entorno do munic\u00edpio.<\/p>\n<p>Os participantes cumprem a segunda etapa do Programa Direito e Cidadania, que distribuiu 8.000 kits de material de apoio para dezenove munic\u00edpios mineiros, alguns em dist\u00e2ncias superiores a 200 km da cidade de Rio Novo, que em agosto realizou a sua Festa Liter\u00e1ria anual (FLIMINAS), concentrando as aten\u00e7\u00f5es da popula\u00e7\u00e3o daquelas localidades.<\/p>\n<p>As a\u00e7\u00f5es s\u00e3o conduzidas pelo facilitador Me. Carlos Eduardo Ferrari, demarcando a retomada da presen\u00e7a da PAULUS neste territ\u00f3rio, atuante em parceria hist\u00f3rica com a Associa\u00e7\u00e3o Cavaleiros da Cultura, institui\u00e7\u00e3o de mobiliza\u00e7\u00e3o social na regi\u00e3o.<\/p>\n<p>O Programa Direito e Cidadania \u00e9 uma das express\u00f5es do N\u00facleo PAULUS de Forma\u00e7\u00e3o, Pesquisa e Dissemina\u00e7\u00e3o Social e seu menu de Assessoramento no campo da Assist\u00eancia Social, acontecendo em todo o pa\u00eds desde 2010.<\/p>\n\n\n<figure class=\"wp-block-image size-full\"><a href=\"https:\/\/www.paulus.com.br\/assistencia-social\/wp-content\/uploads\/2022\/10\/716-dc-zona-da-mata-mineira.jpg\"><img loading=\"lazy\" decoding=\"async\" width=\"716\" height=\"444\" src=\"https:\/\/www.paulus.com.br\/assistencia-social\/wp-content\/uploads\/2022\/10\/716-dc-zona-da-mata-mineira.jpg\" alt=\"\" class=\"wp-image-6867\" srcset=\"https:\/\/www.paulus.com.br\/assistencia-social\/wp-content\/uploads\/2022\/10\/716-dc-zona-da-mata-mineira.jpg 716w, https:\/\/www.paulus.com.br\/assistencia-social\/wp-content\/uploads\/2022\/10\/716-dc-zona-da-mata-mineira-300x186.jpg 300w\" sizes=\"auto, (max-width: 716px) 100vw, 716px\" \/><\/a><\/figure>\n","protected":false},"featured_media":6864,"template":"","tags":[],"class_list":["post-3028","noticias","type-noticias","status-publish","has-post-thumbnail","hentry"],"acf":[],"_links":{"self":[{"href":"https:\/\/www.paulus.com.br\/assistencia-social\/wp-json\/wp\/v2\/noticias\/3028","targetHints":{"allow":["GET"]}}],"collection":[{"href":"https:\/\/www.paulus.com.br\/assistencia-social\/wp-json\/wp\/v2\/noticias"}],"about":[{"href":"https:\/\/www.paulus.com.br\/assistencia-social\/wp-json\/wp\/v2\/types\/noticias"}],"wp:featuredmedia":[{"embeddable":true,"href":"https:\/\/www.paulus.com.br\/assistencia-social\/wp-json\/wp\/v2\/media\/6864"}],"wp:attachment":[{"href":"https:\/\/www.paulus.com.br\/assistencia-social\/wp-json\/wp\/v2\/media?parent=3028"}],"wp:term":[{"taxonomy":"post_tag","embeddable":true,"href":"https:\/\/www.paulus.com.br\/assistencia-social\/wp-json\/wp\/v2\/tags?post=3028"}],"curies":[{"name":"wp","href":"https:\/\/api.w.org\/{rel}","templated":true}]}}