{"id":2994,"date":"2017-09-05T11:16:38","date_gmt":"2017-09-05T14:16:38","guid":{"rendered":"http:\/\/www.paulus.com.br\/assistencia-social\/?post_type=noticias&#038;p=2994"},"modified":"2022-10-18T11:02:36","modified_gmt":"2022-10-18T14:02:36","slug":"formacao-do-programa-direito-e-cidadania-acontece-em-campinassp","status":"publish","type":"noticias","link":"https:\/\/www.paulus.com.br\/assistencia-social\/noticias\/formacao-do-programa-direito-e-cidadania-acontece-em-campinassp\/","title":{"rendered":"Forma\u00e7\u00e3o do Programa Direito e Cidadania acontece em Campinas\/SP"},"content":{"rendered":"<p>Nos dias 04 e 05 de Setembro a cidade de Campinas\/SP recebe a forma\u00e7\u00e3o &#8220;De v\u00ednculos e conviv\u00eancias, os diversos interesses e sociabilidades para a cidadania infantojuvenil&#8221;, segunda etapa do Programa Direito e Cidadania. O encontro acontece na Esta\u00e7\u00e3o Cultura e conta com a presen\u00e7a de representantes de 55 entidades socioassistenciais da regi\u00e3o.<\/p>\n<p>Ministrada por Agnaldo Geremias, membro da equipe de formadores da PAULUS, e com carga hor\u00e1ria de 16h, a forma\u00e7\u00e3o apresenta aos orientadores sociais o kit de livros do Programa. A partir deste contato estes profissionais s\u00e3o provocados a elaborar nos Servi\u00e7os de Conviv\u00eancia em que atuam percursos que usem os livros como refer\u00eancia para debates e interven\u00e7\u00f5es com as crian\u00e7as.<\/p>\n<p>O encontro ocorre como resultado da parceria da PAULUS com a Secretaria de Municipal de Assist\u00eancia Social e Seguran\u00e7a Alimentar de Campinas. No momento de abertura, Zuleika Aparecida Minussi Carneiro, Coordenadora Setorial de Prote\u00e7\u00e3o Social B\u00e1sica, refor\u00e7ou a import\u00e2ncia da atua\u00e7\u00e3o do Programa na regi\u00e3o.<\/p>\n<p>Ap\u00f3s a forma\u00e7\u00e3o, as institui\u00e7\u00f5es participantes receber\u00e3o o kit de livros do Programa, que ser\u00e3o ent\u00e3o distribu\u00eddos \u00e0s crian\u00e7as e adolescentes atendidos pelos servi\u00e7os, norteando assim diversas propostas de atividades.<\/p>\n<p>O Programa Direito e Cidadania integra as a\u00e7\u00f5es do Programa de Assessoramento e Garantia de Direitos PAULUS, que realiza atividades em todo o Brasil abordando diversas tem\u00e1ticas da Pol\u00edtica P\u00fablica de Assist\u00eancia Social.<\/p>\n","protected":false},"featured_media":6871,"template":"","tags":[],"class_list":["post-2994","noticias","type-noticias","status-publish","has-post-thumbnail","hentry"],"acf":[],"_links":{"self":[{"href":"https:\/\/www.paulus.com.br\/assistencia-social\/wp-json\/wp\/v2\/noticias\/2994","targetHints":{"allow":["GET"]}}],"collection":[{"href":"https:\/\/www.paulus.com.br\/assistencia-social\/wp-json\/wp\/v2\/noticias"}],"about":[{"href":"https:\/\/www.paulus.com.br\/assistencia-social\/wp-json\/wp\/v2\/types\/noticias"}],"wp:featuredmedia":[{"embeddable":true,"href":"https:\/\/www.paulus.com.br\/assistencia-social\/wp-json\/wp\/v2\/media\/6871"}],"wp:attachment":[{"href":"https:\/\/www.paulus.com.br\/assistencia-social\/wp-json\/wp\/v2\/media?parent=2994"}],"wp:term":[{"taxonomy":"post_tag","embeddable":true,"href":"https:\/\/www.paulus.com.br\/assistencia-social\/wp-json\/wp\/v2\/tags?post=2994"}],"curies":[{"name":"wp","href":"https:\/\/api.w.org\/{rel}","templated":true}]}}