{"id":2990,"date":"2017-09-04T11:14:24","date_gmt":"2017-09-04T14:14:24","guid":{"rendered":"http:\/\/www.paulus.com.br\/assistencia-social\/?post_type=noticias&#038;p=2990"},"modified":"2022-10-18T11:35:05","modified_gmt":"2022-10-18T14:35:05","slug":"orientador-social-e-tema-de-formacao-profissional-em-belem","status":"publish","type":"noticias","link":"https:\/\/www.paulus.com.br\/assistencia-social\/noticias\/orientador-social-e-tema-de-formacao-profissional-em-belem\/","title":{"rendered":"Orientador Social \u00e9 tema de forma\u00e7\u00e3o profissional em Bel\u00e9m"},"content":{"rendered":"<p>A PAULUS realiza nessa semana em Bel\u00e9m\/PA, o primeiro m\u00f3dulo do curso &#8220;O Orientador Social na Pr\u00e1tica Social do cotidiano institucional&#8221;, que somar\u00e1 75h de atividades e produ\u00e7\u00e3o de conhecimento para 70 profissionais de 08 munic\u00edpios e mais de vinte institui\u00e7\u00f5es p\u00fablicas e privadas.<\/p>\n<p>A Atividade conduzida pelo Professor Carlos Eduardo Ferrari ter\u00e1 ainda mais tr\u00eas formadores &nbsp;e tem como mobilizadores locais o CMAS &nbsp;&#8211; Conselho Municipal de Assist\u00eancia Social e o NAC &#8211; N\u00facleo de Articula\u00e7\u00e3o e Cidadania do Governo do Estado do Par\u00e1.<\/p>\n<p>O Curso acontece nas depend\u00eancias da ESAMAZ &#8211; Escola Superior da Amaz\u00f4nia.<br \/>\nA&nbsp;conclus\u00e3o do curso est\u00e1 prevista para o pr\u00f3ximo m\u00eas de novembro.<\/p>\n<p>O curso faz parte do programa de Assessoramento e Garantia de Direitos no campo da Assist\u00eancia Social realizado pela PAULUS em todo o pa\u00eds.<\/p>\n<p><img loading=\"lazy\" decoding=\"async\" class=\"aligncenter  wp-image-2992\" src=\"http:\/\/www.paulus.com.br\/assistencia-social\/wp-content\/uploads\/2017\/09\/040817belem-.jpg\" alt=\"\" width=\"832\" height=\"303\" srcset=\"https:\/\/www.paulus.com.br\/assistencia-social\/wp-content\/uploads\/2017\/09\/040817belem-.jpg 640w, https:\/\/www.paulus.com.br\/assistencia-social\/wp-content\/uploads\/2017\/09\/040817belem--300x109.jpg 300w\" sizes=\"auto, (max-width: 832px) 100vw, 832px\" \/><\/p>\n","protected":false},"featured_media":6874,"template":"","tags":[],"class_list":["post-2990","noticias","type-noticias","status-publish","has-post-thumbnail","hentry"],"acf":[],"_links":{"self":[{"href":"https:\/\/www.paulus.com.br\/assistencia-social\/wp-json\/wp\/v2\/noticias\/2990","targetHints":{"allow":["GET"]}}],"collection":[{"href":"https:\/\/www.paulus.com.br\/assistencia-social\/wp-json\/wp\/v2\/noticias"}],"about":[{"href":"https:\/\/www.paulus.com.br\/assistencia-social\/wp-json\/wp\/v2\/types\/noticias"}],"wp:featuredmedia":[{"embeddable":true,"href":"https:\/\/www.paulus.com.br\/assistencia-social\/wp-json\/wp\/v2\/media\/6874"}],"wp:attachment":[{"href":"https:\/\/www.paulus.com.br\/assistencia-social\/wp-json\/wp\/v2\/media?parent=2990"}],"wp:term":[{"taxonomy":"post_tag","embeddable":true,"href":"https:\/\/www.paulus.com.br\/assistencia-social\/wp-json\/wp\/v2\/tags?post=2990"}],"curies":[{"name":"wp","href":"https:\/\/api.w.org\/{rel}","templated":true}]}}