{"id":2933,"date":"2017-08-28T15:43:00","date_gmt":"2017-08-28T18:43:00","guid":{"rendered":"http:\/\/www.paulus.com.br\/assistencia-social\/?post_type=noticias&#038;p=2933"},"modified":"2022-10-18T11:52:18","modified_gmt":"2022-10-18T14:52:18","slug":"formacao-do-programa-direito-e-cidadania-acontece-em-recifepe","status":"publish","type":"noticias","link":"https:\/\/www.paulus.com.br\/assistencia-social\/noticias\/formacao-do-programa-direito-e-cidadania-acontece-em-recifepe\/","title":{"rendered":"Forma\u00e7\u00e3o do Programa Direito e Cidadania acontece em Recife\/PE"},"content":{"rendered":"<p>A cidade de Recife\/PE recebe nos dias 28 e 29 de agosto a etapa de forma\u00e7\u00e3o do Programa Direito e Cidadania. O encontro ocorre no Sport Club Recife e conta com a presen\u00e7a de 40 participantes representando nove munic\u00edpios da regi\u00e3o.<\/p>\n<p>A abertura contou com a presen\u00e7a de Fernando Halisnky, Diretor Executivo do Sport Club, representantes da Secretaria de Assist\u00eancia Social e de Servi\u00e7os de Conviv\u00eancia e Fortalecimento de V\u00ednculos de sete munic\u00edpios da regi\u00e3o metropolitana de Recife, al\u00e9m de representantes do N\u00facleo PAULUS de Forma\u00e7\u00e3o, Pesquisa e Dissemina\u00e7\u00e3o Social. Jo\u00e3o Batista J\u00fanior, Coordenador do Servi\u00e7o de Conviv\u00eancia e Fortalecimento de V\u00ednculos de Moreno e respons\u00e1vel pela articula\u00e7\u00e3o a parceria com a PAULUS na regi\u00e3o, destacou a import\u00e2ncia da continuidade das atividades do Programa Direito e Cidadania, iniciadas em 2016, para os Servi\u00e7os de Conviv\u00eancia da regi\u00e3o.<\/p>\n<p>Na ocasi\u00e3o tamb\u00e9m ocorreu uma entrega simb\u00f3lica do Kit de livros do Programa aos representantes de cada munic\u00edpio.<\/p>\n<p>O Programa Direito e Cidadania integra as a\u00e7\u00f5es do Programa de Assessoramento e Garantia de Direitos PAULUS, que realiza atividades em todo o Brasil abordando diversas tem\u00e1ticas da Pol\u00edtica P\u00fablica de Assist\u00eancia Social.<\/p>\n","protected":false},"featured_media":6880,"template":"","tags":[],"class_list":["post-2933","noticias","type-noticias","status-publish","has-post-thumbnail","hentry"],"acf":[],"_links":{"self":[{"href":"https:\/\/www.paulus.com.br\/assistencia-social\/wp-json\/wp\/v2\/noticias\/2933","targetHints":{"allow":["GET"]}}],"collection":[{"href":"https:\/\/www.paulus.com.br\/assistencia-social\/wp-json\/wp\/v2\/noticias"}],"about":[{"href":"https:\/\/www.paulus.com.br\/assistencia-social\/wp-json\/wp\/v2\/types\/noticias"}],"wp:featuredmedia":[{"embeddable":true,"href":"https:\/\/www.paulus.com.br\/assistencia-social\/wp-json\/wp\/v2\/media\/6880"}],"wp:attachment":[{"href":"https:\/\/www.paulus.com.br\/assistencia-social\/wp-json\/wp\/v2\/media?parent=2933"}],"wp:term":[{"taxonomy":"post_tag","embeddable":true,"href":"https:\/\/www.paulus.com.br\/assistencia-social\/wp-json\/wp\/v2\/tags?post=2933"}],"curies":[{"name":"wp","href":"https:\/\/api.w.org\/{rel}","templated":true}]}}