{"id":2927,"date":"2017-08-28T15:47:26","date_gmt":"2017-08-28T18:47:26","guid":{"rendered":"http:\/\/www.paulus.com.br\/assistencia-social\/?post_type=noticias&#038;p=2927"},"modified":"2022-10-18T11:47:02","modified_gmt":"2022-10-18T14:47:02","slug":"fapcom-recebe-curso-sobre-series-de-tv","status":"publish","type":"noticias","link":"https:\/\/www.paulus.com.br\/assistencia-social\/noticias\/fapcom-recebe-curso-sobre-series-de-tv\/","title":{"rendered":"FAPCOM recebe curso sobre S\u00e9ries de TV"},"content":{"rendered":"<p>Teve in\u00edcio na \u00faltima sexta-feira, dia 25 de agosto, a segunda edi\u00e7\u00e3o do curso \u201cUm Espelho para o Mundo: Como as s\u00e9ries de TV tratam da Conviv\u00eancia Social na Contemporaneidade\u201d. As aulas da forma\u00e7\u00e3o, proposta pelo Programa de Assessoramento PAULUS, acontecem na Faculdade PAULUS de Tecnologia e Comunica\u00e7\u00e3o at\u00e9 dia 06 outubro, com atividades pr\u00e1ticas programadas at\u00e9 o m\u00eas de novembro, totalizando 78h de conte\u00fado.<\/p>\n<p>O curso, voltado tanto para orientadores sociais atuantes em Servi\u00e7os de Conviv\u00eancia quanto estudantes de comunica\u00e7\u00e3o, busca analisar o impacto cultural das s\u00e9ries de TV, focando principalmente em obter destas leituras que permitam compreender e discutir as formas contempor\u00e2neas de v\u00ednculos e rela\u00e7\u00f5es interpessoais. Al\u00e9m da an\u00e1lise de conte\u00fado, os alunos tamb\u00e9m aprender\u00e3o t\u00e9cnicas de roteiro e filmagem, capacitando-os a criarem suas pr\u00f3prias s\u00e9ries voltadas para quest\u00f5es de conviv\u00eancia e v\u00ednculos.<\/p>\n<p>Ao fim da forma\u00e7\u00e3o ser\u00e3o elaborados esquetes a partir da tem\u00e1tica de conviv\u00eancia e fortalecimento de v\u00ednculos. A exibi\u00e7\u00e3o dos produtos acontece dia 17 de novembro na FAPCOM.<\/p>\n","protected":false},"featured_media":6878,"template":"","tags":[],"class_list":["post-2927","noticias","type-noticias","status-publish","has-post-thumbnail","hentry"],"acf":[],"_links":{"self":[{"href":"https:\/\/www.paulus.com.br\/assistencia-social\/wp-json\/wp\/v2\/noticias\/2927","targetHints":{"allow":["GET"]}}],"collection":[{"href":"https:\/\/www.paulus.com.br\/assistencia-social\/wp-json\/wp\/v2\/noticias"}],"about":[{"href":"https:\/\/www.paulus.com.br\/assistencia-social\/wp-json\/wp\/v2\/types\/noticias"}],"wp:featuredmedia":[{"embeddable":true,"href":"https:\/\/www.paulus.com.br\/assistencia-social\/wp-json\/wp\/v2\/media\/6878"}],"wp:attachment":[{"href":"https:\/\/www.paulus.com.br\/assistencia-social\/wp-json\/wp\/v2\/media?parent=2927"}],"wp:term":[{"taxonomy":"post_tag","embeddable":true,"href":"https:\/\/www.paulus.com.br\/assistencia-social\/wp-json\/wp\/v2\/tags?post=2927"}],"curies":[{"name":"wp","href":"https:\/\/api.w.org\/{rel}","templated":true}]}}