{"id":2924,"date":"2017-08-23T15:00:52","date_gmt":"2017-08-23T18:00:52","guid":{"rendered":"http:\/\/www.paulus.com.br\/assistencia-social\/?post_type=noticias&#038;p=2924"},"modified":"2022-10-18T14:50:20","modified_gmt":"2022-10-18T17:50:20","slug":"formacao-do-programa-direito-e-cidadania-acontece-em-mogi-mirimsp","status":"publish","type":"noticias","link":"https:\/\/www.paulus.com.br\/assistencia-social\/noticias\/formacao-do-programa-direito-e-cidadania-acontece-em-mogi-mirimsp\/","title":{"rendered":"Forma\u00e7\u00e3o do Programa Direito e Cidadania acontece em Mogi Mirim\/SP"},"content":{"rendered":"<p>Nesta quarta e quinta-feira, dias 23 e 24 de agosto, o munic\u00edpio de Mogi Mirim recebe a segunda etapa do Programa Direito e Cidadania (PDeC). A forma\u00e7\u00e3o ministrada por Luciano Costa, membro de longa data da equipe de formadores da PAULUS, tem carga hor\u00e1ria de 16h e p\u00fablico de 30 orientadores sociais da regi\u00e3o.<\/p>\n<p>A atividade, resultado da parceria entre PAULUS O a&nbsp;Institui\u00e7\u00e3o de Incentivo \u00e0 Crian\u00e7a e ao Adolescente (ICA), proporciona uma an\u00e1lise aprofundada dos t\u00edtulos referenciais do&nbsp;PDeC &#8211; <em>Kathelyn Sofia<\/em>, de Andrea Viviana Taubmam, e <em>Meninas Equilibristas<\/em>, de Alexandre de Carvalho. A partir deste contato \u00edntimo com o material, os orientadores sociais ficam capacitados para elaborarem percursos em seus Servi\u00e7os de Conviv\u00eancia que usem os livro como refer\u00eancia para o debate e interven\u00e7\u00f5es.<\/p>\n<p>Ap\u00f3s a forma\u00e7\u00e3o, as institui\u00e7\u00f5es participantes receber\u00e3o o kit de livros &nbsp;do Programa, que ser\u00e3o ent\u00e3o distribu\u00eddos \u00e0s crian\u00e7as e adolescentes atendidos pelos servi\u00e7os, norteando asssim diversas propostas de atividades.<\/p>\n<p>Esta a\u00e7\u00e3o &nbsp;faz parte do Programa de Assessoramento e Garantia de Direitos realizado pela PAULUS em todo o Brasil, abordando as diversas tem\u00e1ticas da Pol\u00edtica P\u00fablica de Assist\u00eancia Social.<\/p>\n","protected":false},"featured_media":6883,"template":"","tags":[],"class_list":["post-2924","noticias","type-noticias","status-publish","has-post-thumbnail","hentry"],"acf":[],"_links":{"self":[{"href":"https:\/\/www.paulus.com.br\/assistencia-social\/wp-json\/wp\/v2\/noticias\/2924","targetHints":{"allow":["GET"]}}],"collection":[{"href":"https:\/\/www.paulus.com.br\/assistencia-social\/wp-json\/wp\/v2\/noticias"}],"about":[{"href":"https:\/\/www.paulus.com.br\/assistencia-social\/wp-json\/wp\/v2\/types\/noticias"}],"wp:featuredmedia":[{"embeddable":true,"href":"https:\/\/www.paulus.com.br\/assistencia-social\/wp-json\/wp\/v2\/media\/6883"}],"wp:attachment":[{"href":"https:\/\/www.paulus.com.br\/assistencia-social\/wp-json\/wp\/v2\/media?parent=2924"}],"wp:term":[{"taxonomy":"post_tag","embeddable":true,"href":"https:\/\/www.paulus.com.br\/assistencia-social\/wp-json\/wp\/v2\/tags?post=2924"}],"curies":[{"name":"wp","href":"https:\/\/api.w.org\/{rel}","templated":true}]}}