{"id":2919,"date":"2017-08-23T11:54:29","date_gmt":"2017-08-23T14:54:29","guid":{"rendered":"http:\/\/www.paulus.com.br\/assistencia-social\/?post_type=noticias&#038;p=2919"},"modified":"2022-10-18T15:02:25","modified_gmt":"2022-10-18T18:02:25","slug":"cento-e-tres-anos-a-servir-o-brasil","status":"publish","type":"noticias","link":"https:\/\/www.paulus.com.br\/assistencia-social\/noticias\/cento-e-tres-anos-a-servir-o-brasil\/","title":{"rendered":"Cento e tr\u00eas anos a servir o Brasil"},"content":{"rendered":"<p>Essa semana a Pia Sociedade de S\u00e3o Paulo \u2013 PAULUS completou 103 anos de exist\u00eancia factual no mundo.<\/p>\n<p>Muito mais que isso, registrou-se um pouco mais de um s\u00e9culo de investimento s\u00f3cio espiritual no ser humano, em uma trajet\u00f3ria de discri\u00e7\u00e3o p\u00fablica e consist\u00eancia doutrin\u00e1ria que promove a vida, exulta o bem comum e cultiva uma solidariedade que transforma.<\/p>\n<p>Durante as comemora\u00e7\u00f5es do anivers\u00e1rio de um dos mais s\u00f3lidos percursos que alia voca\u00e7\u00e3o religiosa e uma dimens\u00e3o laica que serve a sociedade com a \u00e9tica \u00a0da mudan\u00e7a de comportamentos sociais e atitudes cidad\u00e3s, a PAULUS chega a essa contagem de tempo com os p\u00e9s bem cravados em seus princ\u00edpios e miss\u00e3o historicamente constru\u00edda, tendo os olhos e o cora\u00e7\u00e3o compromissados com o futuro da esp\u00e9cie humana, na elabora\u00e7\u00e3o de uma sociedade do direito.<\/p>\n<p>No Brasil, destaca-se o campo da assist\u00eancia social como \u00e1rea f\u00e9rtil de atua\u00e7\u00e3o da PAULUS que se firma como uma das principais institui\u00e7\u00f5es da rede privada a realizar ininterruptamente uma programa\u00e7\u00e3o de atividades voltadas a cumprir seu papel de protagonista como pol\u00edtica p\u00fablica de Assist\u00eancia Social.<\/p>\n<p>A \u00e1rea da assist\u00eancia social parabeniza a Pia Sociedade pela resist\u00eancia tenaz em cultuar a conviv\u00eancia fraterna de pessoas e institui\u00e7\u00f5es e significar para esse pa\u00eds um porto seguro para suas centenas de colaboradores e profissionais que a operam diariamente.<\/p>\n<p>Tamb\u00e9m estende suas congratula\u00e7\u00f5es \u00a0aos milh\u00f5es de benefici\u00e1rios de seus atendimentos ao longo desse per\u00edodo, com destaque para os \u00faltimos onze anos de constru\u00e7\u00e3o sustent\u00e1vel de uma proposta de trabalho coletivo de vanguarda, com tecnologia social avan\u00e7ada cujos resultados se confundem com a mais elaborada pastoral da vida moderna.<\/p>\n<p>N\u00f3s do Departamento de Assist\u00eancia Social da PAULUS nos orgulhamos e nos sentimos honrados em participar momentaneamente desse prop\u00f3sito congregacional que se espalha pelo planeta e se expande \u00a0pelo longo prazo de suas pr\u00f3prias virtudes.<\/p>\n","protected":false},"featured_media":6886,"template":"","tags":[],"class_list":["post-2919","noticias","type-noticias","status-publish","has-post-thumbnail","hentry"],"acf":[],"_links":{"self":[{"href":"https:\/\/www.paulus.com.br\/assistencia-social\/wp-json\/wp\/v2\/noticias\/2919","targetHints":{"allow":["GET"]}}],"collection":[{"href":"https:\/\/www.paulus.com.br\/assistencia-social\/wp-json\/wp\/v2\/noticias"}],"about":[{"href":"https:\/\/www.paulus.com.br\/assistencia-social\/wp-json\/wp\/v2\/types\/noticias"}],"wp:featuredmedia":[{"embeddable":true,"href":"https:\/\/www.paulus.com.br\/assistencia-social\/wp-json\/wp\/v2\/media\/6886"}],"wp:attachment":[{"href":"https:\/\/www.paulus.com.br\/assistencia-social\/wp-json\/wp\/v2\/media?parent=2919"}],"wp:term":[{"taxonomy":"post_tag","embeddable":true,"href":"https:\/\/www.paulus.com.br\/assistencia-social\/wp-json\/wp\/v2\/tags?post=2919"}],"curies":[{"name":"wp","href":"https:\/\/api.w.org\/{rel}","templated":true}]}}