{"id":2908,"date":"2017-08-23T09:25:44","date_gmt":"2017-08-23T12:25:44","guid":{"rendered":"http:\/\/www.paulus.com.br\/assistencia-social\/?post_type=noticias&#038;p=2908"},"modified":"2022-10-18T15:18:29","modified_gmt":"2022-10-18T18:18:29","slug":"paulus-participa-da-festa-literaria-de-minas-gerais","status":"publish","type":"noticias","link":"https:\/\/www.paulus.com.br\/assistencia-social\/noticias\/paulus-participa-da-festa-literaria-de-minas-gerais\/","title":{"rendered":"PAULUS participa da Festa Liter\u00e1ria de Minas Gerais"},"content":{"rendered":"<p>A equipe de Assist\u00eancia Social PAULUS participou ao longo do \u00faltimo fim de semana, nos dias 20 e 21 de agosto, da Festa Liter\u00e1ria de Minas Gerais (Fliminas). O evento, organizado pela Associa\u00e7\u00e3o Cavaleiros da Cultura, acontece anualmente na cidade de Rio Novo\/MG.<\/p>\n<p>Este \u00e9 o segundo ano no qual a PAULUS leva seus colaboradores da Assist\u00eancia Social \u00e0 festa. Al\u00e9m de participarem da vasta programa\u00e7\u00e3o do evento, os colaboradores tamb\u00e9m tiveram a oportunidade de explorar a \u00a0cidade, gerando situa\u00e7\u00f5es que fortalecem os v\u00ednculos interpessoais e contribui para o aumento do repert\u00f3rio individual dos profissionais da PAULUS, explorando novos ambientes.<\/p>\n<p>A parceria entre PAULUS e Cavaleiros da Cultura j\u00e1 tem mais de uma d\u00e9cada, garantindo ano a ano resultados cada vez mais potentes.<\/p>\n<p>Este ano o evento possibilitou a mobiliza\u00e7\u00e3o de 21 munic\u00edpios da Zona da Mata mineira para o curso do Programa Direito e Cidadania que acontecer\u00e1 nos dias 13 e 14 de setembro em Rio Novo, inaugurando um novo polo de a\u00e7\u00e3o do Programa no Estado de Minas Gerais.<\/p>\n<p>Como a\u00e7\u00e3o complementar na IV Festa liter\u00e1ria,<\/p>\n<p>foram distribu\u00eddos mais de 3000 kits do Programa Direito e Cidadania para as crian\u00e7as visitantes da Festa acompanhados de uma apresenta\u00e7\u00e3o formal com tarde de aut\u00f3grafos da autora \u00a0Andrea Viviana Taubmann, autora do livro kathelyn Sofia, um dos livros do kit do Programa.<\/p>\n<p>A a\u00e7\u00e3o com a ACC &#8211; Associa\u00e7\u00e3o Cavaleiros da Cultura, \u00e9 mais uma dimens\u00e3o de Assessoramento e Garantia de Direitos da PAULUS, realizada em todo o pa\u00eds, como consolida\u00e7\u00e3o da Pol\u00edtica de Assist\u00eancia Social no pa\u00eds.<\/p>\n<p>\u00a0<\/p>\n<p style=\"text-align: left;\">\u00a0 \u00a0 \u00a0 \u00a0 \u00a0 \u00a0 \u00a0 \u00a0 \u00a0 \u00a0 \u00a0 \u00a0 \u00a0 \u00a0 \u00a0 \u00a0Apoio:\u00a0 \u00a0 \u00a0 \u00a0 \u00a0 \u00a0 \u00a0 \u00a0 \u00a0 \u00a0 \u00a0 \u00a0 \u00a0 \u00a0 \u00a0 \u00a0 \u00a0 \u00a0 \u00a0 \u00a0 \u00a0 \u00a0 \u00a0 \u00a0 \u00a0 \u00a0 \u00a0 \u00a0 \u00a0 \u00a0 \u00a0Realiza\u00e7\u00e3o:<\/p>\n\n\n<figure class=\"wp-block-image size-full\"><a href=\"https:\/\/www.paulus.com.br\/assistencia-social\/wp-content\/uploads\/2022\/10\/716-paulus-cav-cult.jpg\"><img loading=\"lazy\" decoding=\"async\" width=\"716\" height=\"444\" src=\"https:\/\/www.paulus.com.br\/assistencia-social\/wp-content\/uploads\/2022\/10\/716-paulus-cav-cult.jpg\" alt=\"\" class=\"wp-image-6890\" srcset=\"https:\/\/www.paulus.com.br\/assistencia-social\/wp-content\/uploads\/2022\/10\/716-paulus-cav-cult.jpg 716w, https:\/\/www.paulus.com.br\/assistencia-social\/wp-content\/uploads\/2022\/10\/716-paulus-cav-cult-300x186.jpg 300w\" sizes=\"auto, (max-width: 716px) 100vw, 716px\" \/><\/a><\/figure>\n","protected":false},"featured_media":6888,"template":"","tags":[],"class_list":["post-2908","noticias","type-noticias","status-publish","has-post-thumbnail","hentry"],"acf":[],"_links":{"self":[{"href":"https:\/\/www.paulus.com.br\/assistencia-social\/wp-json\/wp\/v2\/noticias\/2908","targetHints":{"allow":["GET"]}}],"collection":[{"href":"https:\/\/www.paulus.com.br\/assistencia-social\/wp-json\/wp\/v2\/noticias"}],"about":[{"href":"https:\/\/www.paulus.com.br\/assistencia-social\/wp-json\/wp\/v2\/types\/noticias"}],"wp:featuredmedia":[{"embeddable":true,"href":"https:\/\/www.paulus.com.br\/assistencia-social\/wp-json\/wp\/v2\/media\/6888"}],"wp:attachment":[{"href":"https:\/\/www.paulus.com.br\/assistencia-social\/wp-json\/wp\/v2\/media?parent=2908"}],"wp:term":[{"taxonomy":"post_tag","embeddable":true,"href":"https:\/\/www.paulus.com.br\/assistencia-social\/wp-json\/wp\/v2\/tags?post=2908"}],"curies":[{"name":"wp","href":"https:\/\/api.w.org\/{rel}","templated":true}]}}