{"id":2907,"date":"2017-08-22T10:58:50","date_gmt":"2017-08-22T13:58:50","guid":{"rendered":"http:\/\/www.paulus.com.br\/assistencia-social\/?post_type=noticias&#038;p=2907"},"modified":"2022-10-18T15:25:07","modified_gmt":"2022-10-18T18:25:07","slug":"segunda-etapa-do-programa-direito-e-cidadania-chega-na-paraiba","status":"publish","type":"noticias","link":"https:\/\/www.paulus.com.br\/assistencia-social\/noticias\/segunda-etapa-do-programa-direito-e-cidadania-chega-na-paraiba\/","title":{"rendered":"Segunda etapa do Programa Direito e Cidadania chega na Para\u00edba"},"content":{"rendered":"<p>A cidade de Campina Grande recebe, nos dias 22 e 23 de agosto, a primeira forma\u00e7\u00e3o do Programa Direito e Cidadania deste ano no estado da Para\u00edba. A atividade dura dois dias e apresenta os t\u00edtulos do Kit de livros a serem trabalhados esse ano: &#8220;Kathelyn Sofia&#8221;, de Andrea Viviana Taubman e &#8220;Meninas\u00a0Equilibristas&#8221;, de Alexandre de Carvalho.<\/p>\n<p>Com o conte\u00fado ministrado por Samara Xavier, o encontro, voltado para trabalhadores da Assist\u00eancia Social, tamb\u00e9m atraiu profissionais da Sa\u00fade e Educa\u00e7\u00e3o, gerando um total de 35 presentes no primeiro dia.<\/p>\n<p>Para esta atividade, o Programa de Assessoramento PAULUS conta com a parceria do Conselho Municipal de Assist\u00eancia Social de Campina Grande, o Conselho Municipal de Defesa dos Direitos das Crian\u00e7as e dos Adolescentes e o Movimento Nacional de Meninas Meninos de Rua.<\/p>\n","protected":false},"featured_media":6893,"template":"","tags":[],"class_list":["post-2907","noticias","type-noticias","status-publish","has-post-thumbnail","hentry"],"acf":[],"_links":{"self":[{"href":"https:\/\/www.paulus.com.br\/assistencia-social\/wp-json\/wp\/v2\/noticias\/2907","targetHints":{"allow":["GET"]}}],"collection":[{"href":"https:\/\/www.paulus.com.br\/assistencia-social\/wp-json\/wp\/v2\/noticias"}],"about":[{"href":"https:\/\/www.paulus.com.br\/assistencia-social\/wp-json\/wp\/v2\/types\/noticias"}],"wp:featuredmedia":[{"embeddable":true,"href":"https:\/\/www.paulus.com.br\/assistencia-social\/wp-json\/wp\/v2\/media\/6893"}],"wp:attachment":[{"href":"https:\/\/www.paulus.com.br\/assistencia-social\/wp-json\/wp\/v2\/media?parent=2907"}],"wp:term":[{"taxonomy":"post_tag","embeddable":true,"href":"https:\/\/www.paulus.com.br\/assistencia-social\/wp-json\/wp\/v2\/tags?post=2907"}],"curies":[{"name":"wp","href":"https:\/\/api.w.org\/{rel}","templated":true}]}}