{"id":2903,"date":"2017-08-18T11:40:02","date_gmt":"2017-08-18T14:40:02","guid":{"rendered":"http:\/\/www.paulus.com.br\/assistencia-social\/?post_type=noticias&#038;p=2903"},"modified":"2022-10-18T16:12:24","modified_gmt":"2022-10-18T19:12:24","slug":"paulus-e-cmdca-de-sao-bernardo-do-campo-sp-discutem-o-fundo-municipal-e-marco-regulatorio","status":"publish","type":"noticias","link":"https:\/\/www.paulus.com.br\/assistencia-social\/noticias\/paulus-e-cmdca-de-sao-bernardo-do-campo-sp-discutem-o-fundo-municipal-e-marco-regulatorio\/","title":{"rendered":"PAULUS E CMDCA de S\u00e3o Bernardo do Campo\/ SP discutem o Fundo Municipal e Marco Regulat\u00f3rio"},"content":{"rendered":"<p>Nos dias 15 e 16 de agosto, o munic\u00edpio de S\u00e3o Bernardo do Campo recebeu, por meio de seu Conselho Municipal de Direitos da Crian\u00e7a e do Adolescente \u2013 CMDCA \u2013, o Programa de Assessoramento da PAULUS, discutindo a Lei 13.019\/Marco Regulat\u00f3rio das Entidades da Sociedade Civil \u2013 MROSC.<\/p>\n<p>A forma\u00e7\u00e3o de 16h teve como foco o Fundo Municipal da Pol\u00edtica de Assist\u00eancia Social e teve a condu\u00e7\u00e3o da Dra. Rozangela Borota, da equipe de Formadores PAULUS. O evento contou com aproximadamente 40 presen\u00e7a de participantes, representando os munic\u00edpios de S\u00e3o Bernardo do Campo e S\u00e3o Caetano do Sul.<\/p>\n<p>Mais uma vez a PAULUS contribui com a rede socioassistencial brasileira, discutindo com a comunidade assistencial um tema relevante para sua efetiva\u00e7\u00e3o.<\/p>\n<p>O programa de Assessoramento da PAULUS acontece no Brasil inteiro e mobiliza milhares de parceiros da Assist\u00eancia Social.<\/p>\n","protected":false},"featured_media":6895,"template":"","tags":[],"class_list":["post-2903","noticias","type-noticias","status-publish","has-post-thumbnail","hentry"],"acf":[],"_links":{"self":[{"href":"https:\/\/www.paulus.com.br\/assistencia-social\/wp-json\/wp\/v2\/noticias\/2903","targetHints":{"allow":["GET"]}}],"collection":[{"href":"https:\/\/www.paulus.com.br\/assistencia-social\/wp-json\/wp\/v2\/noticias"}],"about":[{"href":"https:\/\/www.paulus.com.br\/assistencia-social\/wp-json\/wp\/v2\/types\/noticias"}],"wp:featuredmedia":[{"embeddable":true,"href":"https:\/\/www.paulus.com.br\/assistencia-social\/wp-json\/wp\/v2\/media\/6895"}],"wp:attachment":[{"href":"https:\/\/www.paulus.com.br\/assistencia-social\/wp-json\/wp\/v2\/media?parent=2903"}],"wp:term":[{"taxonomy":"post_tag","embeddable":true,"href":"https:\/\/www.paulus.com.br\/assistencia-social\/wp-json\/wp\/v2\/tags?post=2903"}],"curies":[{"name":"wp","href":"https:\/\/api.w.org\/{rel}","templated":true}]}}