{"id":2879,"date":"2017-08-08T16:21:13","date_gmt":"2017-08-08T19:21:13","guid":{"rendered":"http:\/\/www.paulus.com.br\/assistencia-social\/?post_type=noticias&#038;p=2879"},"modified":"2022-10-19T11:04:58","modified_gmt":"2022-10-19T14:04:58","slug":"paulus-e-conselho-municipal-de-assistencia-social-promovem-encontro-sobre-e-com-a-populacao-em-situacao-de-rua-em-belem-pa","status":"publish","type":"noticias","link":"https:\/\/www.paulus.com.br\/assistencia-social\/noticias\/paulus-e-conselho-municipal-de-assistencia-social-promovem-encontro-sobre-e-com-a-populacao-em-situacao-de-rua-em-belem-pa\/","title":{"rendered":"PAULUS e Conselho Municipal de Assist\u00eancia Social promovem encontro sobre e com a Popula\u00e7\u00e3o em Situa\u00e7\u00e3o de Rua em Bel\u00e9m &#8211; PA"},"content":{"rendered":"<p>Nos dias 8 e 9 de agosto acontece em Bel\u00e9m\/PA o curso \u201cPol\u00edticas P\u00fablicas para a Popula\u00e7\u00e3o de Rua: experi\u00eancias e estrat\u00e9gias para o movimento\u201d.<\/p>\n<p>A parceria entre a PAULUS e o Conselho Municipal de Assist\u00eancia Social re\u00fane 45 pessoas, dentre as quais 20 trabalhadores e 25 usu\u00e1rios, lideran\u00e7as e pessoas que sobrevivem nas ruas de Bel\u00e9m.<\/p>\n<p>O curso, com carga hor\u00e1ria de 16h, \u00e9 ministrado por Daniel De Lucca e ocorre na Organiza\u00e7\u00e3o Social Lar Fabiano de Cristo, no bairro do Guam\u00e1. A forma\u00e7\u00e3o tem entre seus os objetivos contribuir para o fortalecimento do movimento na capital paraense.<\/p>\n<p>A Atividade faz parte do programa de Assessoramento e Garantia de Direitos realizado pela PAULUS em todo o Brasil, abordando as diversas tem\u00e1ticas da Pol\u00edtica P\u00fablica de Assist\u00eancia Social.<\/p>\n","protected":false},"featured_media":6898,"template":"","tags":[],"class_list":["post-2879","noticias","type-noticias","status-publish","has-post-thumbnail","hentry"],"acf":[],"_links":{"self":[{"href":"https:\/\/www.paulus.com.br\/assistencia-social\/wp-json\/wp\/v2\/noticias\/2879","targetHints":{"allow":["GET"]}}],"collection":[{"href":"https:\/\/www.paulus.com.br\/assistencia-social\/wp-json\/wp\/v2\/noticias"}],"about":[{"href":"https:\/\/www.paulus.com.br\/assistencia-social\/wp-json\/wp\/v2\/types\/noticias"}],"wp:featuredmedia":[{"embeddable":true,"href":"https:\/\/www.paulus.com.br\/assistencia-social\/wp-json\/wp\/v2\/media\/6898"}],"wp:attachment":[{"href":"https:\/\/www.paulus.com.br\/assistencia-social\/wp-json\/wp\/v2\/media?parent=2879"}],"wp:term":[{"taxonomy":"post_tag","embeddable":true,"href":"https:\/\/www.paulus.com.br\/assistencia-social\/wp-json\/wp\/v2\/tags?post=2879"}],"curies":[{"name":"wp","href":"https:\/\/api.w.org\/{rel}","templated":true}]}}